{"id":57679,"date":"2024-05-06T17:56:33","date_gmt":"2024-05-06T21:56:33","guid":{"rendered":"https:\/\/www.brazilianpress.com\/v1\/?p=57679"},"modified":"2024-05-06T17:56:33","modified_gmt":"2024-05-06T21:56:33","slug":"eua-impoem-sancoes-a-empresas-da-colombia-por-transporte-de-imigrantes-ilegais","status":"publish","type":"post","link":"https:\/\/www.brazilianpress.com\/v1\/2024\/05\/06\/eua-impoem-sancoes-a-empresas-da-colombia-por-transporte-de-imigrantes-ilegais\/","title":{"rendered":"EUA imp\u00f5em san\u00e7\u00f5es a empresas da Col\u00f4mbia por transporte de imigrantes ilegais"},"content":{"rendered":"<p><strong>Os Estados Unidos emitiram san\u00e7\u00f5es de visto contra executivos de v\u00e1rias empresas mar\u00edtimas da colombianas, que estariam supostamente ligadas ao transporte ilegal de migrantes atrav\u00e9s da fronteira entre Col\u00f4mbia e Panam\u00e1, disse uma autoridade s\u00eanior dos EUA nesta segunda-feira (6).<\/strong><\/p>\n<p>O an\u00fancio veio ap\u00f3s uma reuni\u00e3o de autoridades na Guatemala, que teve foco tanto no apoio aos migrantes quanto no aumento da fiscaliza\u00e7\u00e3o na regi\u00e3o, segundo um acordo conhecido como Declara\u00e7\u00e3o de Los Angeles.<\/p>\n<p>As san\u00e7\u00f5es t\u00eam como alvo os operadores de balsa que \u201ctransportam impiedosamente\u201d migrantes que pretendem atravessar da Col\u00f4mbia para o Panam\u00e1 atrav\u00e9s de uma selva perigosa conhecida como Brecha de Dari\u00e9n, alimentando \u201cuma crise humanit\u00e1ria e ecol\u00f3gica\u201d, disse uma autoridade \u00e0 Reuters.<\/p>\n<p>A Brecha de Dari\u00e9n, tamb\u00e9m conhecida como selva de Dari\u00e9n, tem sido uma importante rota de tr\u00e2nsito para migrantes de todo o mundo que planejam buscar entrada humanit\u00e1ria no territ\u00f3rio norte-americano ou cruzar ilegalmente a fronteira entre M\u00e9xico e Estados Unidos.<\/p>\n<p>Mais de meio milh\u00e3o de migrantes passaram pela selva de Dari\u00e9n em 2023, de acordo com estat\u00edsticas do governo panamenho. Apesar de um acordo firmado em 2023 entre EUA, Col\u00f4mbia e Panam\u00e1, para reprimir as travessias pela selva, elas permaneceram altas este ano, com 37 mil registros em mar\u00e7o.<\/p>\n","protected":false},"excerpt":{"rendered":"<p>Os Estados Unidos emitiram san\u00e7\u00f5es de visto contra executivos de v\u00e1rias empresas mar\u00edtimas da colombianas, que estariam supostamente ligadas ao transporte ilegal de migrantes atrav\u00e9s da fronteira entre Col\u00f4mbia e Panam\u00e1, disse uma autoridade s\u00eanior dos EUA nesta segunda-feira (6). O an\u00fancio veio ap\u00f3s uma reuni\u00e3o de autoridades na Guatemala, que teve foco tanto no apoio aos migrantes quanto no aumento da fiscaliza\u00e7\u00e3o na regi\u00e3o, segundo um acordo conhecido como Declara\u00e7\u00e3o de Los Angeles. As san\u00e7\u00f5es t\u00eam como alvo os operadores de balsa que \u201ctransportam impiedosamente\u201d migrantes que pretendem atravessar da Col\u00f4mbia para o Panam\u00e1 atrav\u00e9s de uma selva perigosa [&hellip;]<\/p>\n","protected":false},"author":1,"featured_media":57680,"comment_status":"open","ping_status":"closed","sticky":false,"template":"","format":"standard","meta":{"_links_to":"","_links_to_target":""},"categories":[4,3,1],"tags":[],"views":756,"_links":{"self":[{"href":"https:\/\/www.brazilianpress.com\/v1\/wp-json\/wp\/v2\/posts\/57679"}],"collection":[{"href":"https:\/\/www.brazilianpress.com\/v1\/wp-json\/wp\/v2\/posts"}],"about":[{"href":"https:\/\/www.brazilianpress.com\/v1\/wp-json\/wp\/v2\/types\/post"}],"author":[{"embeddable":true,"href":"https:\/\/www.brazilianpress.com\/v1\/wp-json\/wp\/v2\/users\/1"}],"replies":[{"embeddable":true,"href":"https:\/\/www.brazilianpress.com\/v1\/wp-json\/wp\/v2\/comments?post=57679"}],"version-history":[{"count":1,"href":"https:\/\/www.brazilianpress.com\/v1\/wp-json\/wp\/v2\/posts\/57679\/revisions"}],"predecessor-version":[{"id":57681,"href":"https:\/\/www.brazilianpress.com\/v1\/wp-json\/wp\/v2\/posts\/57679\/revisions\/57681"}],"wp:featuredmedia":[{"embeddable":true,"href":"https:\/\/www.brazilianpress.com\/v1\/wp-json\/wp\/v2\/media\/57680"}],"wp:attachment":[{"href":"https:\/\/www.brazilianpress.com\/v1\/wp-json\/wp\/v2\/media?parent=57679"}],"wp:term":[{"taxonomy":"category","embeddable":true,"href":"https:\/\/www.brazilianpress.com\/v1\/wp-json\/wp\/v2\/categories?post=57679"},{"taxonomy":"post_tag","embeddable":true,"href":"https:\/\/www.brazilianpress.com\/v1\/wp-json\/wp\/v2\/tags?post=57679"}],"curies":[{"name":"wp","href":"https:\/\/api.w.org\/{rel}","templated":true}]}}