{"id":57704,"date":"2024-05-14T11:55:08","date_gmt":"2024-05-14T15:55:08","guid":{"rendered":"https:\/\/www.brazilianpress.com\/v1\/?p=57704"},"modified":"2024-05-14T11:55:08","modified_gmt":"2024-05-14T15:55:08","slug":"reserva-de-mercado-eua-anunciam-tarifaco-para-carros-eletricos-e-componentes-chineses","status":"publish","type":"post","link":"https:\/\/www.brazilianpress.com\/v1\/2024\/05\/14\/reserva-de-mercado-eua-anunciam-tarifaco-para-carros-eletricos-e-componentes-chineses\/","title":{"rendered":"Reserva de mercado? EUA anunciam &#8220;tarifa\u00e7o&#8221; para carros el\u00e9tricos e componentes chineses"},"content":{"rendered":"<p><strong>O Presidente Joe Biden est\u00e1 adotando medidas duras para fortalecer a produ\u00e7\u00e3o dom\u00e9stica nos Estados Unidos, focando em uma ampla gama de produtos importados da China. Essas a\u00e7\u00f5es incluem aumento das tarifas sobre carros el\u00e9tricos (100%), semicondutores, baterias, c\u00e9lulas solares e minerais essenciais, em uma tentativa de proteger setores cr\u00edticos da ind\u00fastria americana neste ano eleitoral.<\/strong><\/p>\n<p>Essas mudan\u00e7as, anunciadas pela Casa Branca, refletem uma abordagem decidida de Biden em rela\u00e7\u00e3o ao com\u00e9rcio internacional, especialmente com a China. Elas representam a mais abrangente atualiza\u00e7\u00e3o das tarifas desde a gest\u00e3o do ex-presidente Donald Trump. Uma das principais iniciativas \u00e9 o aumento da tarifa sobre semicondutores, de 25% para 50% at\u00e9 2025. Essa medida visa fortalecer uma ind\u00fastria vital para a economia americana, que Biden tem destacado como priorit\u00e1ria para sua agenda de fabrica\u00e7\u00e3o. O objetivo \u00e9 impulsionar a produ\u00e7\u00e3o nos EUA, garantindo a competitividade no mercado global.<\/p>\n<p><img src=\"https:\/\/i.imgur.com\/h4efqlG.jpeg\" \/><\/p>\n<p>Al\u00e9m disso, outras tarifas foram aumentadas ou adicionadas, abrangendo produtos como guindastes portu\u00e1rios, equipamentos m\u00e9dicos, ve\u00edculos el\u00e9tricos e uma variedade de itens de prote\u00e7\u00e3o individual. Essas a\u00e7\u00f5es visam, entre outras coisas, proteger as ind\u00fastrias americanas. Embora exista a preocupa\u00e7\u00e3o com poss\u00edveis retalia\u00e7\u00f5es por parte da China, Biden e sua equipe est\u00e3o determinados a avan\u00e7ar com essas medidas para proteger os interesses econ\u00f4micos dos Estados Unidos. Essas decis\u00f5es foram tomadas ap\u00f3s uma longa revis\u00e3o das pol\u00edticas tarif\u00e1rias implementadas durante a gest\u00e3o Trump.<\/p>\n<p><img src=\"https:\/\/i.imgur.com\/tAF7gRa.jpeg\" \/><\/p>\n<p>\u00c9 importante destacar que essas mudan\u00e7as n\u00e3o incluem redu\u00e7\u00f5es compensat\u00f3rias, indicando a continuidade da postura firme dos EUA em rela\u00e7\u00e3o \u00e0s pr\u00e1ticas comerciais consideradas injustas pela China. Biden e sua equipe acreditam que \u00e9 essencial proteger as ind\u00fastrias americanas e garantir um campo de jogo justo no com\u00e9rcio internacional. Em resumo, as medidas tarif\u00e1rias de Biden visam promover o crescimento econ\u00f4mico e fortalecer a posi\u00e7\u00e3o dos Estados Unidos no cen\u00e1rio global, especialmente em setores estrat\u00e9gicos como o de ve\u00edculos el\u00e9tricos. Na pr\u00e1tica, tentam aniquilar as possibilidades de importa\u00e7\u00e3o de carros el\u00e9tricos chineses mais acess\u00edveis.<\/p>\n","protected":false},"excerpt":{"rendered":"<p>O Presidente Joe Biden est\u00e1 adotando medidas duras para fortalecer a produ\u00e7\u00e3o dom\u00e9stica nos Estados Unidos, focando em uma ampla gama de produtos importados da China. Essas a\u00e7\u00f5es incluem aumento das tarifas sobre carros el\u00e9tricos (100%), semicondutores, baterias, c\u00e9lulas solares e minerais essenciais, em uma tentativa de proteger setores cr\u00edticos da ind\u00fastria americana neste ano eleitoral. Essas mudan\u00e7as, anunciadas pela Casa Branca, refletem uma abordagem decidida de Biden em rela\u00e7\u00e3o ao com\u00e9rcio internacional, especialmente com a China. Elas representam a mais abrangente atualiza\u00e7\u00e3o das tarifas desde a gest\u00e3o do ex-presidente Donald Trump. Uma das principais iniciativas \u00e9 o aumento da [&hellip;]<\/p>\n","protected":false},"author":1,"featured_media":57705,"comment_status":"open","ping_status":"closed","sticky":false,"template":"","format":"standard","meta":{"_links_to":"","_links_to_target":""},"categories":[3,1,10],"tags":[],"views":997,"_links":{"self":[{"href":"https:\/\/www.brazilianpress.com\/v1\/wp-json\/wp\/v2\/posts\/57704"}],"collection":[{"href":"https:\/\/www.brazilianpress.com\/v1\/wp-json\/wp\/v2\/posts"}],"about":[{"href":"https:\/\/www.brazilianpress.com\/v1\/wp-json\/wp\/v2\/types\/post"}],"author":[{"embeddable":true,"href":"https:\/\/www.brazilianpress.com\/v1\/wp-json\/wp\/v2\/users\/1"}],"replies":[{"embeddable":true,"href":"https:\/\/www.brazilianpress.com\/v1\/wp-json\/wp\/v2\/comments?post=57704"}],"version-history":[{"count":1,"href":"https:\/\/www.brazilianpress.com\/v1\/wp-json\/wp\/v2\/posts\/57704\/revisions"}],"predecessor-version":[{"id":57706,"href":"https:\/\/www.brazilianpress.com\/v1\/wp-json\/wp\/v2\/posts\/57704\/revisions\/57706"}],"wp:featuredmedia":[{"embeddable":true,"href":"https:\/\/www.brazilianpress.com\/v1\/wp-json\/wp\/v2\/media\/57705"}],"wp:attachment":[{"href":"https:\/\/www.brazilianpress.com\/v1\/wp-json\/wp\/v2\/media?parent=57704"}],"wp:term":[{"taxonomy":"category","embeddable":true,"href":"https:\/\/www.brazilianpress.com\/v1\/wp-json\/wp\/v2\/categories?post=57704"},{"taxonomy":"post_tag","embeddable":true,"href":"https:\/\/www.brazilianpress.com\/v1\/wp-json\/wp\/v2\/tags?post=57704"}],"curies":[{"name":"wp","href":"https:\/\/api.w.org\/{rel}","templated":true}]}}