{"id":57707,"date":"2024-05-14T14:16:22","date_gmt":"2024-05-14T18:16:22","guid":{"rendered":"https:\/\/www.brazilianpress.com\/v1\/?p=57707"},"modified":"2024-05-14T14:16:22","modified_gmt":"2024-05-14T18:16:22","slug":"urgente-acidente-de-onibus-causa-morte-de-oito-trabalhadores-rurais-na-florida-vitimas-seriam-imigrantes","status":"publish","type":"post","link":"https:\/\/www.brazilianpress.com\/v1\/2024\/05\/14\/urgente-acidente-de-onibus-causa-morte-de-oito-trabalhadores-rurais-na-florida-vitimas-seriam-imigrantes\/","title":{"rendered":"Urgente: Acidente de \u00f4nibus causa morte de oito trabalhadores rurais na Fl\u00f3rida. V\u00edtimas seriam imigrantes"},"content":{"rendered":"<p><strong>Um tr\u00e1gico acidente deixou a comunidade da regi\u00e3o central da Fl\u00f3rida em choque nesta ter\u00e7a-feira, 14 de maio. Ocorrera uma colis\u00e3o entre um \u00f4nibus, transportando cerca de 53 trabalhadores rurais, a maioria imigrantes, resultando em uma cena ca\u00f3tica na estrada.<\/strong><\/p>\n<p>O incidente ocorreu por volta das 6 horas da manh\u00e3, hor\u00e1rio local, quando ambos os ve\u00edculos seguiam na mesma dire\u00e7\u00e3o, levando \u00e0 perda de controle do \u00f4nibus, que atravessou uma cerca e capotou em seguida.<\/p>\n<p><img src=\"https:\/\/i.imgur.com\/RLfi0qq.jpeg\" \/><\/p>\n<p>Infelizmente, o saldo foi doloroso, com oito pessoas perdendo suas vidas e outras 45 sofrendo ferimentos variados. As equipes de resgate agiram rapidamente, levando os feridos para hospitais da regi\u00e3o em estado grave, em uma corrida contra o tempo para salvar vidas e oferecer cuidados m\u00e9dicos urgentes. A comunidade local mobilizou-se em solidariedade, oferecendo apoio e assist\u00eancia \u00e0s v\u00edtimas e \u00e0s fam\u00edlias afetadas por essa trag\u00e9dia repentina.<\/p>\n<p><img src=\"https:\/\/i.imgur.com\/L6Xe6Hv.jpeg\" \/><\/p>\n<p>Enquanto as investiga\u00e7\u00f5es sobre as circunst\u00e2ncias do acidente est\u00e3o em andamento, a Patrulha Rodovi\u00e1ria da Fl\u00f3rida lidera os esfor\u00e7os para compreender os detalhes do incidente. Al\u00e9m disso, o Conselho Nacional de Seguran\u00e7a em Transportes dos EUA est\u00e1 monitorando de perto a situa\u00e7\u00e3o, buscando insights que possam contribuir para a preven\u00e7\u00e3o de futuros acidentes e para a seguran\u00e7a das estradas. Neste momento de dor e reflex\u00e3o, a comunidade se une em luto pelas vidas perdidas e em apoio aos sobreviventes, na esperan\u00e7a de que medidas possam ser tomadas para evitar trag\u00e9dias semelhantes no futuro.<\/p>\n","protected":false},"excerpt":{"rendered":"<p>Um tr\u00e1gico acidente deixou a comunidade da regi\u00e3o central da Fl\u00f3rida em choque nesta ter\u00e7a-feira, 14 de maio. Ocorrera uma colis\u00e3o entre um \u00f4nibus, transportando cerca de 53 trabalhadores rurais, a maioria imigrantes, resultando em uma cena ca\u00f3tica na estrada. O incidente ocorreu por volta das 6 horas da manh\u00e3, hor\u00e1rio local, quando ambos os ve\u00edculos seguiam na mesma dire\u00e7\u00e3o, levando \u00e0 perda de controle do \u00f4nibus, que atravessou uma cerca e capotou em seguida. Infelizmente, o saldo foi doloroso, com oito pessoas perdendo suas vidas e outras 45 sofrendo ferimentos variados. As equipes de resgate agiram rapidamente, levando os [&hellip;]<\/p>\n","protected":false},"author":1,"featured_media":57708,"comment_status":"open","ping_status":"closed","sticky":false,"template":"","format":"standard","meta":{"_links_to":"","_links_to_target":""},"categories":[3,1,10],"tags":[],"views":836,"_links":{"self":[{"href":"https:\/\/www.brazilianpress.com\/v1\/wp-json\/wp\/v2\/posts\/57707"}],"collection":[{"href":"https:\/\/www.brazilianpress.com\/v1\/wp-json\/wp\/v2\/posts"}],"about":[{"href":"https:\/\/www.brazilianpress.com\/v1\/wp-json\/wp\/v2\/types\/post"}],"author":[{"embeddable":true,"href":"https:\/\/www.brazilianpress.com\/v1\/wp-json\/wp\/v2\/users\/1"}],"replies":[{"embeddable":true,"href":"https:\/\/www.brazilianpress.com\/v1\/wp-json\/wp\/v2\/comments?post=57707"}],"version-history":[{"count":1,"href":"https:\/\/www.brazilianpress.com\/v1\/wp-json\/wp\/v2\/posts\/57707\/revisions"}],"predecessor-version":[{"id":57709,"href":"https:\/\/www.brazilianpress.com\/v1\/wp-json\/wp\/v2\/posts\/57707\/revisions\/57709"}],"wp:featuredmedia":[{"embeddable":true,"href":"https:\/\/www.brazilianpress.com\/v1\/wp-json\/wp\/v2\/media\/57708"}],"wp:attachment":[{"href":"https:\/\/www.brazilianpress.com\/v1\/wp-json\/wp\/v2\/media?parent=57707"}],"wp:term":[{"taxonomy":"category","embeddable":true,"href":"https:\/\/www.brazilianpress.com\/v1\/wp-json\/wp\/v2\/categories?post=57707"},{"taxonomy":"post_tag","embeddable":true,"href":"https:\/\/www.brazilianpress.com\/v1\/wp-json\/wp\/v2\/tags?post=57707"}],"curies":[{"name":"wp","href":"https:\/\/api.w.org\/{rel}","templated":true}]}}