{"id":57718,"date":"2024-05-15T08:40:26","date_gmt":"2024-05-15T12:40:26","guid":{"rendered":"https:\/\/www.brazilianpress.com\/v1\/?p=57718"},"modified":"2024-05-15T08:40:26","modified_gmt":"2024-05-15T12:40:26","slug":"social-press-15-05-2024","status":"publish","type":"post","link":"https:\/\/www.brazilianpress.com\/v1\/2024\/05\/15\/social-press-15-05-2024\/","title":{"rendered":"Social Press . 15\/05\/2024"},"content":{"rendered":"<p><em><strong>Nosso amigo Joalheiro Delson de Lima, est\u00e1 em festa e em momentos de pura alegria, recebeu a visita da netinha, Eleonor em sua loja.<\/strong><\/em><\/p>\n<p><em><strong><img loading=\"lazy\" class=\"alignnone size-full wp-image-57712\" src=\"https:\/\/www.brazilianpress.com\/v1\/wp-content\/uploads\/2024\/05\/Foto-2-Nossa-querida-amiga.jpg\" alt=\"\" width=\"700\" height=\"846\" srcset=\"https:\/\/www.brazilianpress.com\/v1\/wp-content\/uploads\/2024\/05\/Foto-2-Nossa-querida-amiga.jpg 700w, https:\/\/www.brazilianpress.com\/v1\/wp-content\/uploads\/2024\/05\/Foto-2-Nossa-querida-amiga-248x300.jpg 248w\" sizes=\"(max-width: 700px) 100vw, 700px\" \/><br \/>\nNossa querida amiga Colunista e fashionista, Cl\u00e1udia Cascardo, abriu as portas de sua elegante resid\u00eancia, para celebra\u00e7\u00e3o do Mother\u2019s day, recebendo amigo e familiares.<\/strong><\/em><\/p>\n<p><em><strong><img loading=\"lazy\" class=\"alignnone size-full wp-image-57713\" src=\"https:\/\/www.brazilianpress.com\/v1\/wp-content\/uploads\/2024\/05\/Foto-3-Os-aniversariantes-Leo-e-Alejandra.jpg\" alt=\"\" width=\"700\" height=\"655\" srcset=\"https:\/\/www.brazilianpress.com\/v1\/wp-content\/uploads\/2024\/05\/Foto-3-Os-aniversariantes-Leo-e-Alejandra.jpg 700w, https:\/\/www.brazilianpress.com\/v1\/wp-content\/uploads\/2024\/05\/Foto-3-Os-aniversariantes-Leo-e-Alejandra-300x281.jpg 300w\" sizes=\"(max-width: 700px) 100vw, 700px\" \/><br \/>\nHappy birthday aos jovens Leo e Alejandra, felicitaciones a la fam\u00edlia Rodriguez<\/strong><\/em><\/p>\n<p><em><strong><img loading=\"lazy\" class=\"alignnone size-full wp-image-57714\" src=\"https:\/\/www.brazilianpress.com\/v1\/wp-content\/uploads\/2024\/05\/Foto-4-A-deslumbrante-dancarina.jpeg\" alt=\"\" width=\"597\" height=\"900\" srcset=\"https:\/\/www.brazilianpress.com\/v1\/wp-content\/uploads\/2024\/05\/Foto-4-A-deslumbrante-dancarina.jpeg 597w, https:\/\/www.brazilianpress.com\/v1\/wp-content\/uploads\/2024\/05\/Foto-4-A-deslumbrante-dancarina-199x300.jpeg 199w\" sizes=\"(max-width: 597px) 100vw, 597px\" \/><br \/>\nA deslumbrante dan\u00e7arina profissional Lee, acaba de chegar de Miami onde passou f\u00e9rias ensolaradas. Ela ser\u00e1 uma das atra\u00e7\u00f5es no evento NY Brazilian Film Series que acontece nesse domingo dia 19 no Cinema Village.<\/strong><\/em><\/p>\n<p><em><strong><img loading=\"lazy\" class=\"alignnone size-full wp-image-57715\" src=\"https:\/\/www.brazilianpress.com\/v1\/wp-content\/uploads\/2024\/05\/Foto-5-A-jovem-cabo-verdiana.jpg\" alt=\"\" width=\"700\" height=\"623\" srcset=\"https:\/\/www.brazilianpress.com\/v1\/wp-content\/uploads\/2024\/05\/Foto-5-A-jovem-cabo-verdiana.jpg 700w, https:\/\/www.brazilianpress.com\/v1\/wp-content\/uploads\/2024\/05\/Foto-5-A-jovem-cabo-verdiana-300x267.jpg 300w\" sizes=\"(max-width: 700px) 100vw, 700px\" \/><br \/>\nA jovem Cabo Verdiana Lidiane Francisco, integra o quadro de administra\u00e7\u00e3o da Newark School of Arts e estar\u00e1 expondo suas obras junto a outros artistas unindo for\u00e7as para M\u00e3e Portugal.<\/strong><\/em><\/p>\n<p><em><strong><img loading=\"lazy\" class=\"alignnone size-full wp-image-57716\" src=\"https:\/\/www.brazilianpress.com\/v1\/wp-content\/uploads\/2024\/05\/Foto-06-Nosso-amigo-e-irmao-camarada.jpg\" alt=\"\" width=\"665\" height=\"900\" srcset=\"https:\/\/www.brazilianpress.com\/v1\/wp-content\/uploads\/2024\/05\/Foto-06-Nosso-amigo-e-irmao-camarada.jpg 665w, https:\/\/www.brazilianpress.com\/v1\/wp-content\/uploads\/2024\/05\/Foto-06-Nosso-amigo-e-irmao-camarada-222x300.jpg 222w\" sizes=\"(max-width: 665px) 100vw, 665px\" \/><br \/>\nNosso amigo e irm\u00e3o camarada, C\u00e9lio tamb\u00e9m e um dos aniversariantes do m\u00eas de maio, parab\u00e9ns!<\/strong><\/em><\/p>\n<p><em><strong><img loading=\"lazy\" class=\"alignnone size-full wp-image-57717\" src=\"https:\/\/www.brazilianpress.com\/v1\/wp-content\/uploads\/2024\/05\/Foto-7-Um-forte-abraco-e-desejos.jpg\" alt=\"\" width=\"700\" height=\"886\" srcset=\"https:\/\/www.brazilianpress.com\/v1\/wp-content\/uploads\/2024\/05\/Foto-7-Um-forte-abraco-e-desejos.jpg 700w, https:\/\/www.brazilianpress.com\/v1\/wp-content\/uploads\/2024\/05\/Foto-7-Um-forte-abraco-e-desejos-237x300.jpg 237w\" sizes=\"(max-width: 700px) 100vw, 700px\" \/><br \/>\nUm forte abra\u00e7o e desejos de um ver\u00e3o super animado ao jornalista, radialista, ator e comediante Amadeu Maya, que vem desempenhando um excelente trabalho na comunidade. Parab\u00e9ns!<\/strong><\/em><\/p>\n","protected":false},"excerpt":{"rendered":"<p>Nosso amigo Joalheiro Delson de Lima, est\u00e1 em festa e em momentos de pura alegria, recebeu a visita da netinha, Eleonor em sua loja. Nossa querida amiga Colunista e fashionista, Cl\u00e1udia Cascardo, abriu as portas de sua elegante resid\u00eancia, para celebra\u00e7\u00e3o do Mother\u2019s day, recebendo amigo e familiares. Happy birthday aos jovens Leo e Alejandra, felicitaciones a la fam\u00edlia Rodriguez A deslumbrante dan\u00e7arina profissional Lee, acaba de chegar de Miami onde passou f\u00e9rias ensolaradas. Ela ser\u00e1 uma das atra\u00e7\u00f5es no evento NY Brazilian Film Series que acontece nesse domingo dia 19 no Cinema Village. A jovem Cabo Verdiana Lidiane Francisco, [&hellip;]<\/p>\n","protected":false},"author":1,"featured_media":57711,"comment_status":"open","ping_status":"closed","sticky":false,"template":"","format":"standard","meta":{"_links_to":"","_links_to_target":""},"categories":[3,1,6],"tags":[],"views":1535,"_links":{"self":[{"href":"https:\/\/www.brazilianpress.com\/v1\/wp-json\/wp\/v2\/posts\/57718"}],"collection":[{"href":"https:\/\/www.brazilianpress.com\/v1\/wp-json\/wp\/v2\/posts"}],"about":[{"href":"https:\/\/www.brazilianpress.com\/v1\/wp-json\/wp\/v2\/types\/post"}],"author":[{"embeddable":true,"href":"https:\/\/www.brazilianpress.com\/v1\/wp-json\/wp\/v2\/users\/1"}],"replies":[{"embeddable":true,"href":"https:\/\/www.brazilianpress.com\/v1\/wp-json\/wp\/v2\/comments?post=57718"}],"version-history":[{"count":1,"href":"https:\/\/www.brazilianpress.com\/v1\/wp-json\/wp\/v2\/posts\/57718\/revisions"}],"predecessor-version":[{"id":57719,"href":"https:\/\/www.brazilianpress.com\/v1\/wp-json\/wp\/v2\/posts\/57718\/revisions\/57719"}],"wp:featuredmedia":[{"embeddable":true,"href":"https:\/\/www.brazilianpress.com\/v1\/wp-json\/wp\/v2\/media\/57711"}],"wp:attachment":[{"href":"https:\/\/www.brazilianpress.com\/v1\/wp-json\/wp\/v2\/media?parent=57718"}],"wp:term":[{"taxonomy":"category","embeddable":true,"href":"https:\/\/www.brazilianpress.com\/v1\/wp-json\/wp\/v2\/categories?post=57718"},{"taxonomy":"post_tag","embeddable":true,"href":"https:\/\/www.brazilianpress.com\/v1\/wp-json\/wp\/v2\/tags?post=57718"}],"curies":[{"name":"wp","href":"https:\/\/api.w.org\/{rel}","templated":true}]}}