{"id":57738,"date":"2024-05-15T13:18:44","date_gmt":"2024-05-15T17:18:44","guid":{"rendered":"https:\/\/www.brazilianpress.com\/v1\/?p=57738"},"modified":"2024-05-15T13:18:44","modified_gmt":"2024-05-15T17:18:44","slug":"brasileiro-que-estaria-ligado-a-criminoso-mais-procurado-do-equador-e-expulso-da-argentina","status":"publish","type":"post","link":"https:\/\/www.brazilianpress.com\/v1\/2024\/05\/15\/brasileiro-que-estaria-ligado-a-criminoso-mais-procurado-do-equador-e-expulso-da-argentina\/","title":{"rendered":"Brasileiro que estaria ligado a criminoso mais procurado do Equador \u00e9 expulso da Argentina"},"content":{"rendered":"<p><strong>O governo da Argentina informou na segunda-feira (13) ter expulsado de seu territ\u00f3rio um brasileiro e outros 11 estrangeiros que estariam ligados a Adolfo \u201cFito\u201d Mac\u00edas, o criminoso mais procurado do Equador.<\/strong><\/p>\n<p>Entre os estrangeiros expulsos tamb\u00e9m est\u00e3o um colombiano e dez equatorianos. Segundo a Casa Rosada, eles foram descobertos pela Gendarmeria Nacional, uma das for\u00e7as de seguran\u00e7a federais da Argentina.<\/p>\n<p>\u201cOs imigrantes ilegais foram descobertos pela Gendarmeria Nacional e estavam escondidos dentro de um caminh\u00e3o na prov\u00edncia de C\u00f3rdoba\u201d, disse o porta-voz do governo argentino, Manuel Adorni.<\/p>\n<p>A Casa Rosada n\u00e3o informou o nome nem o destino do brasileiro expulso. Questionado sobre a identidade e destino do deportado, al\u00e9m de se houve contatos com autoridades brasileiras sobre o caso, o minist\u00e9rio da Seguran\u00e7a da Argentina ainda n\u00e3o se manifestou.<\/p>\n<p>Segundo Adorni, a expuls\u00e3o \u201c\u00e9 parte da limpeza do narcoterrorismo\u201d que o governo argentino estaria realizando.<\/p>\n<p>Em janeiro, familiares de Mac\u00edas, que tamb\u00e9m estavam em C\u00f3rdoba, foram expulsos do pa\u00eds e enviados para o Equador. Em abril, os advogados de Mac\u00edas, que segundo o governo argentino tinham antecedentes criminais relacionados ao tr\u00e1fico de armas, tamb\u00e9m foram expulsos.<\/p>\n<p>Jos\u00e9 Adolfo Mac\u00edas Villamar, conhecido como \u201cFito\u201d, \u00e9 l\u00edder do grupo criminoso Los Choneros, um cartel de drogas equatoriano e considerado um dos criminosos mais perigosos de seu pa\u00eds.<\/p>\n<p>Fito, que est\u00e1 condenado a 34 anos de pris\u00e3o, fugiu da penitenci\u00e1ria onde estava em janeiro, em meio a uma onda de viol\u00eancia, o que levou o presidente do Equador Daniel Noboa a decretar Estado de Emerg\u00eancia no pa\u00eds.<\/p>\n<p>As autoridades atribuem \u00e0 gangue Los Choneros extors\u00f5es, assassinatos e tr\u00e1fico de drogas, al\u00e9m do controle de pris\u00f5es no Equador.<\/p>\n","protected":false},"excerpt":{"rendered":"<p>O governo da Argentina informou na segunda-feira (13) ter expulsado de seu territ\u00f3rio um brasileiro e outros 11 estrangeiros que estariam ligados a Adolfo \u201cFito\u201d Mac\u00edas, o criminoso mais procurado do Equador. Entre os estrangeiros expulsos tamb\u00e9m est\u00e3o um colombiano e dez equatorianos. Segundo a Casa Rosada, eles foram descobertos pela Gendarmeria Nacional, uma das for\u00e7as de seguran\u00e7a federais da Argentina. \u201cOs imigrantes ilegais foram descobertos pela Gendarmeria Nacional e estavam escondidos dentro de um caminh\u00e3o na prov\u00edncia de C\u00f3rdoba\u201d, disse o porta-voz do governo argentino, Manuel Adorni. A Casa Rosada n\u00e3o informou o nome nem o destino do brasileiro [&hellip;]<\/p>\n","protected":false},"author":1,"featured_media":57739,"comment_status":"open","ping_status":"closed","sticky":false,"template":"","format":"standard","meta":{"_links_to":"","_links_to_target":""},"categories":[3,8,1],"tags":[],"views":886,"_links":{"self":[{"href":"https:\/\/www.brazilianpress.com\/v1\/wp-json\/wp\/v2\/posts\/57738"}],"collection":[{"href":"https:\/\/www.brazilianpress.com\/v1\/wp-json\/wp\/v2\/posts"}],"about":[{"href":"https:\/\/www.brazilianpress.com\/v1\/wp-json\/wp\/v2\/types\/post"}],"author":[{"embeddable":true,"href":"https:\/\/www.brazilianpress.com\/v1\/wp-json\/wp\/v2\/users\/1"}],"replies":[{"embeddable":true,"href":"https:\/\/www.brazilianpress.com\/v1\/wp-json\/wp\/v2\/comments?post=57738"}],"version-history":[{"count":1,"href":"https:\/\/www.brazilianpress.com\/v1\/wp-json\/wp\/v2\/posts\/57738\/revisions"}],"predecessor-version":[{"id":57740,"href":"https:\/\/www.brazilianpress.com\/v1\/wp-json\/wp\/v2\/posts\/57738\/revisions\/57740"}],"wp:featuredmedia":[{"embeddable":true,"href":"https:\/\/www.brazilianpress.com\/v1\/wp-json\/wp\/v2\/media\/57739"}],"wp:attachment":[{"href":"https:\/\/www.brazilianpress.com\/v1\/wp-json\/wp\/v2\/media?parent=57738"}],"wp:term":[{"taxonomy":"category","embeddable":true,"href":"https:\/\/www.brazilianpress.com\/v1\/wp-json\/wp\/v2\/categories?post=57738"},{"taxonomy":"post_tag","embeddable":true,"href":"https:\/\/www.brazilianpress.com\/v1\/wp-json\/wp\/v2\/tags?post=57738"}],"curies":[{"name":"wp","href":"https:\/\/api.w.org\/{rel}","templated":true}]}}