{"id":57794,"date":"2024-05-23T17:58:37","date_gmt":"2024-05-23T21:58:37","guid":{"rendered":"https:\/\/www.brazilianpress.com\/v1\/?p=57794"},"modified":"2024-05-23T18:00:17","modified_gmt":"2024-05-23T22:00:17","slug":"justica-da-florida-nega-pedido-de-fianca-a-marido-de-cantora-gospel-brasileira-ela-pode-responder-por-crime-de-omissao","status":"publish","type":"post","link":"https:\/\/www.brazilianpress.com\/v1\/2024\/05\/23\/justica-da-florida-nega-pedido-de-fianca-a-marido-de-cantora-gospel-brasileira-ela-pode-responder-por-crime-de-omissao\/","title":{"rendered":"Justi\u00e7a da Fl\u00f3rida nega pedido de fian\u00e7a a marido de cantora gospel brasileira. Ela pode responder por crime de omiss\u00e3o"},"content":{"rendered":"<p><strong>Marcus Martin Grubert, marido da cantora gospel Helo\u00edsa Rosa, foi preso na ter\u00e7a-feira (21) pela pol\u00edcia da Fl\u00f3rida, nos Estados Unidos, suspeito de ter abusado de uma menina de 5 anos, filha de uma assessora de Helo\u00edsa, em 2023. Nesta quinta (23), Quem conversou com a advogada Anna Alves-Lazaro, fundadora da Hope &amp; Justice Foundation, que est\u00e1 auxiliando a fam\u00edlia da v\u00edtima, para ter mais detalhes sobre o caso.<\/strong><\/p>\n<p>Al\u00e9m de contar que a Justi\u00e7a norte-americana negou um pedido de fian\u00e7a para que o acusado aguarde o julgamento em liberdade, Anna disse que a cantora gospel pode responder por crime de omiss\u00e3o, j\u00e1 que teria tomado conhecimento do suposto abuso e n\u00e3o denunciou, al\u00e9m de se negar a cooperar com a pol\u00edcia na investiga\u00e7\u00e3o. O suposto abuso teria acontecido durante uma estada da crian\u00e7a, por uma noite, na casa em que o casal morava. O caso vinha sendo mantido sob sigilo pela Justi\u00e7a norte-americana, mas o perfil da Funda\u00e7\u00e3o Hope &amp; Justice &#8212; que se dedica a casos relacionados a abuso sexual infantil, viol\u00eancia dom\u00e9stica e tr\u00e1fico humano no pa\u00eds &#8212; divulgou a hist\u00f3ria no Instagram.<\/p>\n<p><img src=\"https:\/\/s2-quem.glbimg.com\/GH4Xk8r8Dw-ygXbrQ2wBcijeJwE=\/0x0:1400x950\/888x0\/smart\/filters:strip_icc()\/i.s3.glbimg.com\/v1\/AUTH_b0f0e84207c948ab8b8777be5a6a4395\/internal_photos\/bs\/2024\/s\/0\/qSAmoETjecuTJVOgkXgQ\/heloisa-marido.jpg\" alt=\"Justi\u00e7a da Fl\u00f3rida (EUA) nega pedido de fian\u00e7a a marido de cantora gospel; artista pode responder por crime de omiss\u00e3o\" \/><\/p>\n<p>&#8220;H\u00e1 um ano, a Hope &amp; Justice Foundation vem lutando ao lado da fam\u00edlia da v\u00edtima para garantir que a justi\u00e7a fosse feita neste caso. O apoio emocional, psicol\u00f3gico e jur\u00eddico prestado desde que a funda\u00e7\u00e3o foi acionada foi fundamental para o desfecho do inqu\u00e9rito policial que agora se encerra&#8221;, dizia a publica\u00e7\u00e3o da funda\u00e7\u00e3o.<\/p>\n<p><strong>Prote\u00e7\u00e3o e suporte \u00e0 v\u00edtima<\/strong><\/p>\n<p>Segundo a advogada, desde o in\u00edcio, a Hope &amp; Justice Foundation est\u00e1 ao lado da fam\u00edlia da v\u00edtima. &#8220;Foi a funda\u00e7\u00e3o que ajudou a v\u00edtima a fazer a den\u00fancia \u00e0 pol\u00edcia. Nosso trabalho \u00e9 esse. Trabalhamos em parceria com as autoridades policiais e autoridades do governo&#8221;, explica Anna a Quem. Ativista contra o tr\u00e1fico humano, viol\u00eancia dom\u00e9stica e abuso e explora\u00e7\u00e3o sexual infantil, Anna explica que a funda\u00e7\u00e3o conta com um departamento de assist\u00eancia legal com uma equipe multidisciplinar a fim de dar todo suporte \u00e0 v\u00edtima.<\/p>\n<p><img src=\"https:\/\/s2-quem.glbimg.com\/pM59rR2VkHRURxsf0oPqG6Y3uyE=\/0x0:1106x634\/984x0\/smart\/filters:strip_icc()\/i.s3.glbimg.com\/v1\/AUTH_b0f0e84207c948ab8b8777be5a6a4395\/internal_photos\/bs\/2024\/M\/j\/rNjS1kRZqoTocz6jpSCA\/ficha.png\" alt=\"Marcus Grubert foi preso nos EUA acusado de abusar de uma menina de 5 anos \u2014 Foto: Reprodu\u00e7\u00e3o\" \/><\/p>\n<p>&#8220;Temos profissionais da \u00e1rea do direito, sejam advogados nos EUA ou no Brasil, al\u00e9m de psic\u00f3logos, conselheiros e outros profissionais que d\u00e3o assist\u00eancia \u00e0 v\u00edtima. Desde o in\u00edcio, ajudamos a v\u00edtima a fazer a den\u00fancia e cuidamos do andamento do inqu\u00e9rito, sempre em contato com a pol\u00edcia, e com os detetives&#8221;, conta.<\/p>\n<p><strong>Entraves burocr\u00e1ticos<\/strong><\/p>\n<p>De acordo com Anna, a demora para a pris\u00e3o do acusado se deu por conta da troca de detetives no caso. &#8220;O caso foi trabalhado por 3 detetives. A primeira detetive fez um trabalho incr\u00edvel, mas estava gr\u00e1vida, entrou de licen\u00e7a-maternidade, depois entrou um segundo detetive, tivemos contato com ele, mas ele passou um per\u00edodo no caso e foi transferido para outro&#8221;, relata.<\/p>\n<p>Finalmente, entrou uma terceira detetive, segundo a especialista. &#8220;Essa \u00e9 uma das raz\u00f5es da demora do caso, quest\u00f5es burocr\u00e1ticas normais, que acontecem. Acompanhamos o caso e trouxemos outra advogada para a parte c\u00edvel, que \u00e9 uma conselheira da funda\u00e7\u00e3o, uma parceira nossa. Ela ficar\u00e1 com a quest\u00e3o indenizat\u00f3ria em um outro momento, quando concluir a fase criminal do processo&#8221;, afirma.<\/p>\n<p>&#8220;A funda\u00e7\u00e3o tem toda essa infraestrutura para suportar, apoiar e dar todos os recursos poss\u00edveis para que a v\u00edtima possa atravessar esse momento de pesadelo t\u00e3o tenebroso com seguran\u00e7a, orienta\u00e7\u00e3o e equil\u00edbrio emocional. Esse \u00e9 nosso papel nos Estados Unidos e em outras partes do mundo. Atuamos aqui, mas tamb\u00e9m no Brasil e na Europa atrav\u00e9s da nossa rede de apoio&#8221;, conta.<\/p>\n<p><strong>Provas irrefut\u00e1veis<\/strong><\/p>\n<p>A advogada conta que a Justi\u00e7a da Fl\u00f3rida negou um pedido de fian\u00e7a para que o acusado aguarde o julgamento em liberdade. &#8220;Ele foi preso pelo crime de estupro de vulner\u00e1vel com agravante de ter sido menor de 12 anos. Por isso, ele se enquadra como crime capital, que, de acordo com a legisla\u00e7\u00e3o da Fl\u00f3rida, tem a pena m\u00ednima \u00e9 de 25 anos de pris\u00e3o e a m\u00e1xima de pena de morte ou pris\u00e3o perp\u00e9tua&#8221;, esclarece.<\/p>\n<p>A especialista explica por que a Justi\u00e7a negou o pedido de fian\u00e7a do advogado do acusado. &#8220;Negou porque realmente as provas s\u00e3o irrefut\u00e1veis. O inqu\u00e9rito policial foi feito com maestria, e damos todos os m\u00e9ritos \u00e0 pol\u00edcia de Kissimmee. Provavelmente, ele ficar\u00e1 preso durante o julgamento, mas, a partir da data da pris\u00e3o, a Justi\u00e7a tem at\u00e9 175 dias para fazer a primeira audi\u00eancia. E a\u00ed come\u00e7a o processo de julgamento dele&#8221;, explica.<\/p>\n<p>Na primeira audi\u00eancia, o advogado da parte acusada pode, ainda, tentar mais uma fian\u00e7a. &#8220;Mas acho improv\u00e1vel que o juiz conceda dado o risco que o acusado oferece \u00e0 comunidade como um abusador&#8221;, avalia. Segundo Anna, a fam\u00edlia da v\u00edtima acredita na Justi\u00e7a. &#8220;Eles est\u00e3o muito abalados, mas confiantes que a Justi\u00e7a ser\u00e1 seguida de forma correta e plena. Essa \u00e9 a f\u00e9 que n\u00f3s temos e a fam\u00edlia tamb\u00e9m&#8221;, conta.<\/p>\n<p><strong>Crime por omiss\u00e3o<\/strong><\/p>\n<p>Questionada se Helo\u00edsa pode ser investigada tamb\u00e9m &#8212; uma vez que a v\u00edtima passou a noite na casa do casal &#8211;, Anna afirma que sim. &#8220;Ela sabe que o marido cometeu esse crime e, ainda assim, p\u00f4s em risco a integridade dos pr\u00f3prios filhos, porque ele \u00e9 costumaz. Sabemos disso e isso ser\u00e1 provado ao longo do julgamento&#8221;, conta.<\/p>\n<p>&#8220;A Helo\u00edsa, em detrimento dos interesses e da prote\u00e7\u00e3o dos filhos, permaneceu com ele, inclusive expondo os pr\u00f3prios filhos a essa situa\u00e7\u00e3o. Al\u00e9m do mais, ela sabia que ele tinha essa conduta e, ainda assim, convidou uma crian\u00e7a para dormir na casa dela. Certamente, ela ser\u00e1 responsabilizada. As crian\u00e7as precisam de prote\u00e7\u00e3o, porque realmente est\u00e3o expostas a uma m\u00e3e que passou por cima dos interesses dos filhos para proteger um criminoso&#8221;, afirma.<\/p>\n<p>&#8220;Ela pode responder por crime de omiss\u00e3o ao tomar conhecimento do suposto abuso e n\u00e3o denunciar, al\u00e9m de se negar a cooperar com a pol\u00edcia na investiga\u00e7\u00e3o. Ela tem o dever de garantir a prote\u00e7\u00e3o das crian\u00e7as, filhos dela e da que estava sob a cust\u00f3dia dela. Os interesses dos menores devem prevalecer acima de qualquer outro&#8221;, conclui. Quem entrou em contato com a equipe de Helo\u00edsa Rosa, mas n\u00e3o obteve resposta at\u00e9 a publica\u00e7\u00e3o. O espa\u00e7o permanece aberto e ser\u00e1 atualizado caso a cantora gospel se manifeste.<\/p>\n","protected":false},"excerpt":{"rendered":"<p>Marcus Martin Grubert, marido da cantora gospel Helo\u00edsa Rosa, foi preso na ter\u00e7a-feira (21) pela pol\u00edcia da Fl\u00f3rida, nos Estados Unidos, suspeito de ter abusado de uma menina de 5 anos, filha de uma assessora de Helo\u00edsa, em 2023. Nesta quinta (23), Quem conversou com a advogada Anna Alves-Lazaro, fundadora da Hope &amp; Justice Foundation, que est\u00e1 auxiliando a fam\u00edlia da v\u00edtima, para ter mais detalhes sobre o caso. Al\u00e9m de contar que a Justi\u00e7a norte-americana negou um pedido de fian\u00e7a para que o acusado aguarde o julgamento em liberdade, Anna disse que a cantora gospel pode responder por crime [&hellip;]<\/p>\n","protected":false},"author":1,"featured_media":57795,"comment_status":"open","ping_status":"closed","sticky":false,"template":"","format":"standard","meta":{"_links_to":"","_links_to_target":""},"categories":[4,3,1],"tags":[],"views":1477,"_links":{"self":[{"href":"https:\/\/www.brazilianpress.com\/v1\/wp-json\/wp\/v2\/posts\/57794"}],"collection":[{"href":"https:\/\/www.brazilianpress.com\/v1\/wp-json\/wp\/v2\/posts"}],"about":[{"href":"https:\/\/www.brazilianpress.com\/v1\/wp-json\/wp\/v2\/types\/post"}],"author":[{"embeddable":true,"href":"https:\/\/www.brazilianpress.com\/v1\/wp-json\/wp\/v2\/users\/1"}],"replies":[{"embeddable":true,"href":"https:\/\/www.brazilianpress.com\/v1\/wp-json\/wp\/v2\/comments?post=57794"}],"version-history":[{"count":3,"href":"https:\/\/www.brazilianpress.com\/v1\/wp-json\/wp\/v2\/posts\/57794\/revisions"}],"predecessor-version":[{"id":57798,"href":"https:\/\/www.brazilianpress.com\/v1\/wp-json\/wp\/v2\/posts\/57794\/revisions\/57798"}],"wp:featuredmedia":[{"embeddable":true,"href":"https:\/\/www.brazilianpress.com\/v1\/wp-json\/wp\/v2\/media\/57795"}],"wp:attachment":[{"href":"https:\/\/www.brazilianpress.com\/v1\/wp-json\/wp\/v2\/media?parent=57794"}],"wp:term":[{"taxonomy":"category","embeddable":true,"href":"https:\/\/www.brazilianpress.com\/v1\/wp-json\/wp\/v2\/categories?post=57794"},{"taxonomy":"post_tag","embeddable":true,"href":"https:\/\/www.brazilianpress.com\/v1\/wp-json\/wp\/v2\/tags?post=57794"}],"curies":[{"name":"wp","href":"https:\/\/api.w.org\/{rel}","templated":true}]}}