{"id":57860,"date":"2024-05-30T18:13:30","date_gmt":"2024-05-30T22:13:30","guid":{"rendered":"https:\/\/www.brazilianpress.com\/v1\/?p=57860"},"modified":"2024-05-30T18:13:30","modified_gmt":"2024-05-30T22:13:30","slug":"cotado-para-ser-titular-no-atletico-mg-romulo-cita-idolos-e-revela-emocao-da-familia-com-estreia","status":"publish","type":"post","link":"https:\/\/www.brazilianpress.com\/v1\/2024\/05\/30\/cotado-para-ser-titular-no-atletico-mg-romulo-cita-idolos-e-revela-emocao-da-familia-com-estreia\/","title":{"rendered":"Cotado para ser titular no Atl\u00e9tico-MG, R\u00f4mulo cita \u00eddolos e revela emo\u00e7\u00e3o da fam\u00edlia com estreia"},"content":{"rendered":"<p><strong>Zagueiro vem ganhando oportunidade com Milito e tem possibilidade de estar entre os 11 titulares no jogo de ter\u00e7a-feira, contra o Caracas; cria da base contou refer\u00eancia em trabalhar com dupla campe\u00e3 da Libertadores<\/strong><\/p>\n<p>Cria da base do\u00a0Atl\u00e9tico-MG, o zagueiro R\u00f4mulo tem ganhado espa\u00e7o no time de Milito. Com minutos contra Fluminense e Sport, ele pode ser utilizado no jogo contra o Caracas, pela Libertadores, \u00e0s 19h, na ter\u00e7a-feira, na Arena MRV.<\/p>\n<p>Com a sa\u00edda de Jemerson e as poss\u00edveis mudan\u00e7as que o treinador argentino pode fazer no time, R\u00f4mulo tem chance de jogar entre os titulares nesta ter\u00e7a. Questionado sobre suas refer\u00eancias dentro do clube, o zagueiro citou a dupla campe\u00e3 da Libertadores de 2013.<\/p>\n<p>\u2014 Sem d\u00favida, R\u00e9ver e L\u00e9o Silva. Trabalhei com o L\u00e9o Silva na base, ele pegava muito no meu p\u00e9. O R\u00e9ver j\u00e1 era dupla, treinava junto, a gente aprendia dentro de campo. J\u00e1 o Leonardo Silva era mais professor, me ensinava, fazia o que eu tinha que fazer. S\u00e3o duas refer\u00eancias que tenho aqui dentro do clube que acompanhava desde crian\u00e7a e sem d\u00favida foi uma refer\u00eancia bem incr\u00edvel que tive dentro do clube.<\/p>\n<p>O jogador tamb\u00e9m revelou como foi a emo\u00e7\u00e3o da fam\u00edlia depois da estreia no profissional. No Atl\u00e9tico desde a categoria sub-14, o zagueiro figurou na sele\u00e7\u00e3o brasileira nas categorias de base e entrou pelo profissional com Milito, contra o Fluminense.<\/p>\n<p>\u2014 Pela minha primeira convoca\u00e7\u00e3o, minha fam\u00edlia ficou feliz, mas j\u00e1 era esperado, acostumou. O profissional sem d\u00favida foi muito maior. Cheguei em casa depois da minha estreia, minha fam\u00edlia toda chorando, minha fam\u00edlia toda atleticano. Quando cheguei em casa foi lindo de ver e emocionante de falar, minha fam\u00edlia de p\u00e9, aplaudindo, foi uma sensa\u00e7\u00e3o muito incr\u00edvel.<\/p>\n","protected":false},"excerpt":{"rendered":"<p>Zagueiro vem ganhando oportunidade com Milito e tem possibilidade de estar entre os 11 titulares no jogo de ter\u00e7a-feira, contra o Caracas; cria da base contou refer\u00eancia em trabalhar com dupla campe\u00e3 da Libertadores Cria da base do\u00a0Atl\u00e9tico-MG, o zagueiro R\u00f4mulo tem ganhado espa\u00e7o no time de Milito. Com minutos contra Fluminense e Sport, ele pode ser utilizado no jogo contra o Caracas, pela Libertadores, \u00e0s 19h, na ter\u00e7a-feira, na Arena MRV. Com a sa\u00edda de Jemerson e as poss\u00edveis mudan\u00e7as que o treinador argentino pode fazer no time, R\u00f4mulo tem chance de jogar entre os titulares nesta ter\u00e7a. Questionado [&hellip;]<\/p>\n","protected":false},"author":1,"featured_media":57861,"comment_status":"open","ping_status":"closed","sticky":false,"template":"","format":"standard","meta":{"_links_to":"","_links_to_target":""},"categories":[9,1],"tags":[],"views":664,"_links":{"self":[{"href":"https:\/\/www.brazilianpress.com\/v1\/wp-json\/wp\/v2\/posts\/57860"}],"collection":[{"href":"https:\/\/www.brazilianpress.com\/v1\/wp-json\/wp\/v2\/posts"}],"about":[{"href":"https:\/\/www.brazilianpress.com\/v1\/wp-json\/wp\/v2\/types\/post"}],"author":[{"embeddable":true,"href":"https:\/\/www.brazilianpress.com\/v1\/wp-json\/wp\/v2\/users\/1"}],"replies":[{"embeddable":true,"href":"https:\/\/www.brazilianpress.com\/v1\/wp-json\/wp\/v2\/comments?post=57860"}],"version-history":[{"count":1,"href":"https:\/\/www.brazilianpress.com\/v1\/wp-json\/wp\/v2\/posts\/57860\/revisions"}],"predecessor-version":[{"id":57862,"href":"https:\/\/www.brazilianpress.com\/v1\/wp-json\/wp\/v2\/posts\/57860\/revisions\/57862"}],"wp:featuredmedia":[{"embeddable":true,"href":"https:\/\/www.brazilianpress.com\/v1\/wp-json\/wp\/v2\/media\/57861"}],"wp:attachment":[{"href":"https:\/\/www.brazilianpress.com\/v1\/wp-json\/wp\/v2\/media?parent=57860"}],"wp:term":[{"taxonomy":"category","embeddable":true,"href":"https:\/\/www.brazilianpress.com\/v1\/wp-json\/wp\/v2\/categories?post=57860"},{"taxonomy":"post_tag","embeddable":true,"href":"https:\/\/www.brazilianpress.com\/v1\/wp-json\/wp\/v2\/tags?post=57860"}],"curies":[{"name":"wp","href":"https:\/\/api.w.org\/{rel}","templated":true}]}}