{"id":57863,"date":"2024-05-30T18:16:04","date_gmt":"2024-05-30T22:16:04","guid":{"rendered":"https:\/\/www.brazilianpress.com\/v1\/?p=57863"},"modified":"2024-05-30T18:16:04","modified_gmt":"2024-05-30T22:16:04","slug":"sem-dinenno-cruzeiro-eleva-centroavante-a-prioridade-e-busca-matador-no-mercado","status":"publish","type":"post","link":"https:\/\/www.brazilianpress.com\/v1\/2024\/05\/30\/sem-dinenno-cruzeiro-eleva-centroavante-a-prioridade-e-busca-matador-no-mercado\/","title":{"rendered":"Sem Dinenno, Cruzeiro eleva centroavante a prioridade e busca &#8220;matador&#8221; no mercado"},"content":{"rendered":"<p><strong>O que era necessidade, tornou-se prioridade. Com a les\u00e3o de Juan Dinenno, o\u00a0Cruzeiro\u00a0vai ainda mais firme em busca de um centroavante para ser titular do time no restante da temporada. O exterior est\u00e1 no foco da diretoria.<\/strong><\/p>\n<p>O Cruzeiro n\u00e3o divulga o tempo de recupera\u00e7\u00e3o dos jogadores lesionados, mas a reportagem apurou que a expectativa \u00e9 de que Juan Dinenno fique fora entre dois e tr\u00eas meses em fun\u00e7\u00e3o da cirurgia. O argentino j\u00e1 est\u00e1 fora de combate por 45 dias, e o longo tempo parado tamb\u00e9m \u00e9 algo que preocupa pensando no retorno.<\/p>\n<p>No in\u00edcio de maio, o\u00a0ge\u00a0informou que a posi\u00e7\u00e3o de centroavante estava entre as necessidades apontadas pelo novo departamento de futebol. Mas, no diagn\u00f3stico inicial, o Cruzeiro ainda considerava contar com Dinenno como a principal op\u00e7\u00e3o do setor. Agora, conta apenas com Rafa Silva e Rafael Elias.<\/p>\n<p>H\u00e1 mais de um m\u00eas, o Cruzeiro monitora as op\u00e7\u00f5es de mercado e faz contatos com jogadores da posi\u00e7\u00e3o. O entendimento \u00e9 de que o futebol brasileiro n\u00e3o oferece alternativas que cheguem para resolver o problema, por isso o olhar est\u00e1 no exterior \u2013 como acontece tamb\u00e9m com as outras posi\u00e7\u00f5es buscadas pela dire\u00e7\u00e3o.<\/p>\n<p>Al\u00e9m do diagn\u00f3stico dos homens fortes do futebol, Pedro Louren\u00e7o, dono da SAF do Cruzeiro, tamb\u00e9m quer a busca de um centroavante,\u00a0como citado ap\u00f3s o jogo contra a Uni\u00f3n La Calera.\u00a0A gest\u00e3o est\u00e1 disposta a desembolsar um valor importante para trazer a op\u00e7\u00e3o do setor neste meio de ano.<\/p>\n<p>Rafa Silva \u00e9 o titular desde que Dinenno foi para o departamento m\u00e9dico. Rafa Silva \u00e9 bem avaliado pelo departamento de futebol, mas o entendimento \u00e9 de que o Cruzeiro precisa de um centroavante &#8220;matador&#8221; que seja refer\u00eancia em n\u00famero de gols marcados. Rafa, que marcou duas vezes desde que assumiu a titularidade, \u00e9 um atacante de mais movimenta\u00e7\u00e3o.<\/p>\n<p>Rafael Elias gozava de mais prest\u00edgio com a comiss\u00e3o t\u00e9cnica de Nicol\u00e1s Larcam\u00f3n, que o considerava at\u00e9 como op\u00e7\u00e3o para ser titular junto de Dinenno para iniciar a temporada. N\u00e3o \u00e9 que esteja fora dos planos &#8211; pelo contr\u00e1rio, vem sendo utilizado -, mas seria a terceira op\u00e7\u00e3o com o cen\u00e1rio de chegada de um novo nome para ser inscrito em julho.<\/p>\n","protected":false},"excerpt":{"rendered":"<p>O que era necessidade, tornou-se prioridade. Com a les\u00e3o de Juan Dinenno, o\u00a0Cruzeiro\u00a0vai ainda mais firme em busca de um centroavante para ser titular do time no restante da temporada. O exterior est\u00e1 no foco da diretoria. O Cruzeiro n\u00e3o divulga o tempo de recupera\u00e7\u00e3o dos jogadores lesionados, mas a reportagem apurou que a expectativa \u00e9 de que Juan Dinenno fique fora entre dois e tr\u00eas meses em fun\u00e7\u00e3o da cirurgia. O argentino j\u00e1 est\u00e1 fora de combate por 45 dias, e o longo tempo parado tamb\u00e9m \u00e9 algo que preocupa pensando no retorno. No in\u00edcio de maio, o\u00a0ge\u00a0informou que [&hellip;]<\/p>\n","protected":false},"author":1,"featured_media":57864,"comment_status":"open","ping_status":"closed","sticky":false,"template":"","format":"standard","meta":{"_links_to":"","_links_to_target":""},"categories":[9,1],"tags":[],"views":622,"_links":{"self":[{"href":"https:\/\/www.brazilianpress.com\/v1\/wp-json\/wp\/v2\/posts\/57863"}],"collection":[{"href":"https:\/\/www.brazilianpress.com\/v1\/wp-json\/wp\/v2\/posts"}],"about":[{"href":"https:\/\/www.brazilianpress.com\/v1\/wp-json\/wp\/v2\/types\/post"}],"author":[{"embeddable":true,"href":"https:\/\/www.brazilianpress.com\/v1\/wp-json\/wp\/v2\/users\/1"}],"replies":[{"embeddable":true,"href":"https:\/\/www.brazilianpress.com\/v1\/wp-json\/wp\/v2\/comments?post=57863"}],"version-history":[{"count":1,"href":"https:\/\/www.brazilianpress.com\/v1\/wp-json\/wp\/v2\/posts\/57863\/revisions"}],"predecessor-version":[{"id":57865,"href":"https:\/\/www.brazilianpress.com\/v1\/wp-json\/wp\/v2\/posts\/57863\/revisions\/57865"}],"wp:featuredmedia":[{"embeddable":true,"href":"https:\/\/www.brazilianpress.com\/v1\/wp-json\/wp\/v2\/media\/57864"}],"wp:attachment":[{"href":"https:\/\/www.brazilianpress.com\/v1\/wp-json\/wp\/v2\/media?parent=57863"}],"wp:term":[{"taxonomy":"category","embeddable":true,"href":"https:\/\/www.brazilianpress.com\/v1\/wp-json\/wp\/v2\/categories?post=57863"},{"taxonomy":"post_tag","embeddable":true,"href":"https:\/\/www.brazilianpress.com\/v1\/wp-json\/wp\/v2\/tags?post=57863"}],"curies":[{"name":"wp","href":"https:\/\/api.w.org\/{rel}","templated":true}]}}