{"id":57869,"date":"2024-05-30T19:02:39","date_gmt":"2024-05-30T23:02:39","guid":{"rendered":"https:\/\/www.brazilianpress.com\/v1\/?p=57869"},"modified":"2024-05-30T19:02:39","modified_gmt":"2024-05-30T23:02:39","slug":"pf-prende-homem-que-importava-pecas-de-armas-ilegalmente-dos-eua","status":"publish","type":"post","link":"https:\/\/www.brazilianpress.com\/v1\/2024\/05\/30\/pf-prende-homem-que-importava-pecas-de-armas-ilegalmente-dos-eua\/","title":{"rendered":"PF prende homem que importava pe\u00e7as de armas ilegalmente dos EUA"},"content":{"rendered":"<p><strong>Agentes da Pol\u00edcia Federal (PF) prenderam em flagrante, no Rio de Janeiro, \u00a0um homem respons\u00e1vel pela importa\u00e7\u00e3o ilegal de pe\u00e7as de armas de fogo pelos Correios, quando a encomenda chegou na ag\u00eancia de Jacarepagu\u00e1, na zona oeste.<\/strong><\/p>\n<p>A abordagem foi realizada enquanto o homem aguardava na ag\u00eancia para retirar o material. Al\u00e9m do flagrante pelo contrabando, foi identificado que ele estava armado, resultando tamb\u00e9m em sua pris\u00e3o por porte ilegal de arma de fogo.<\/p>\n<p>A informa\u00e7\u00e3o foi encaminhada pela Receita Federal \u00e0 PF, indicando a chegada de uma remessa internacional dos Estados Unidos contendo pe\u00e7as de arma de fogo e outros produtos controlados pelo Ex\u00e9rcito.<\/p>\n<p><strong>Investiga\u00e7\u00e3o<\/strong><\/p>\n<p>A pris\u00e3o, realizada nessa segunda-feira (27), ocorreu ap\u00f3s de uma investiga\u00e7\u00e3o conjunta entre a For\u00e7a Integrada de Combate ao Crime Organizado e a Delegacia de Repress\u00e3o a Crimes Contra o Patrim\u00f4nio e ao Tr\u00e1fico de Armas da Pol\u00edcia Federal.<\/p>\n<p>O preso foi encaminhado \u00e0 Superintend\u00eancia Regional da Pol\u00edcia Federal e, ap\u00f3s a formaliza\u00e7\u00e3o da pris\u00e3o em flagrante, foi levado ao sistema prisional do estado, onde permanecer\u00e1 \u00e0 disposi\u00e7\u00e3o da Justi\u00e7a Federal, aguardando julgamento. (ABr)<\/p>\n","protected":false},"excerpt":{"rendered":"<p>Agentes da Pol\u00edcia Federal (PF) prenderam em flagrante, no Rio de Janeiro, \u00a0um homem respons\u00e1vel pela importa\u00e7\u00e3o ilegal de pe\u00e7as de armas de fogo pelos Correios, quando a encomenda chegou na ag\u00eancia de Jacarepagu\u00e1, na zona oeste. A abordagem foi realizada enquanto o homem aguardava na ag\u00eancia para retirar o material. Al\u00e9m do flagrante pelo contrabando, foi identificado que ele estava armado, resultando tamb\u00e9m em sua pris\u00e3o por porte ilegal de arma de fogo. A informa\u00e7\u00e3o foi encaminhada pela Receita Federal \u00e0 PF, indicando a chegada de uma remessa internacional dos Estados Unidos contendo pe\u00e7as de arma de fogo e [&hellip;]<\/p>\n","protected":false},"author":1,"featured_media":57870,"comment_status":"open","ping_status":"closed","sticky":false,"template":"","format":"standard","meta":{"_links_to":"","_links_to_target":""},"categories":[7,1],"tags":[],"views":694,"_links":{"self":[{"href":"https:\/\/www.brazilianpress.com\/v1\/wp-json\/wp\/v2\/posts\/57869"}],"collection":[{"href":"https:\/\/www.brazilianpress.com\/v1\/wp-json\/wp\/v2\/posts"}],"about":[{"href":"https:\/\/www.brazilianpress.com\/v1\/wp-json\/wp\/v2\/types\/post"}],"author":[{"embeddable":true,"href":"https:\/\/www.brazilianpress.com\/v1\/wp-json\/wp\/v2\/users\/1"}],"replies":[{"embeddable":true,"href":"https:\/\/www.brazilianpress.com\/v1\/wp-json\/wp\/v2\/comments?post=57869"}],"version-history":[{"count":1,"href":"https:\/\/www.brazilianpress.com\/v1\/wp-json\/wp\/v2\/posts\/57869\/revisions"}],"predecessor-version":[{"id":57871,"href":"https:\/\/www.brazilianpress.com\/v1\/wp-json\/wp\/v2\/posts\/57869\/revisions\/57871"}],"wp:featuredmedia":[{"embeddable":true,"href":"https:\/\/www.brazilianpress.com\/v1\/wp-json\/wp\/v2\/media\/57870"}],"wp:attachment":[{"href":"https:\/\/www.brazilianpress.com\/v1\/wp-json\/wp\/v2\/media?parent=57869"}],"wp:term":[{"taxonomy":"category","embeddable":true,"href":"https:\/\/www.brazilianpress.com\/v1\/wp-json\/wp\/v2\/categories?post=57869"},{"taxonomy":"post_tag","embeddable":true,"href":"https:\/\/www.brazilianpress.com\/v1\/wp-json\/wp\/v2\/tags?post=57869"}],"curies":[{"name":"wp","href":"https:\/\/api.w.org\/{rel}","templated":true}]}}