{"id":57872,"date":"2024-05-30T19:07:55","date_gmt":"2024-05-30T23:07:55","guid":{"rendered":"https:\/\/www.brazilianpress.com\/v1\/?p=57872"},"modified":"2024-05-30T19:07:55","modified_gmt":"2024-05-30T23:07:55","slug":"comunidade-target-podera-reduzir-precos-de-5-mil-itens","status":"publish","type":"post","link":"https:\/\/www.brazilianpress.com\/v1\/2024\/05\/30\/comunidade-target-podera-reduzir-precos-de-5-mil-itens\/","title":{"rendered":"Comunidade: Target poder\u00e1 reduzir pre\u00e7os de 5 mil itens"},"content":{"rendered":"<p><strong>A Target anunciou na semana passada que reduziria os pre\u00e7os de cerca de 5.000 itens comprados com frequ\u00eancia com a aproxima\u00e7\u00e3o do ver\u00e3o. De acordo com um comunicado de imprensa, o varejista com sede em Minneapolis disse que as redu\u00e7\u00f5es de pre\u00e7os ocorreriam durante o ver\u00e3o.<\/strong><\/p>\n<p>\u201cSabemos que os consumidores est\u00e3o se sentindo pressionados para aproveitar ao m\u00e1ximo seu or\u00e7amento e a Target est\u00e1 aqui para ajud\u00e1-los a economizar mais\u201d, disse Rick Gomez, vice-presidente executivo e chefe de alimentos, itens essenciais e beleza da Target, no comunicado.<\/p>\n<p>Alguns dos cortes de pre\u00e7os ser\u00e3o aplicados a itens de mercearia, como leite, carne, p\u00e3o, refrigerantes, frutas e vegetais frescos, salgadinhos, iogurte, pasta de amendoim e caf\u00e9, segundo o comunicado, al\u00e9m de outros produtos como fraldas, papel toalha e suprimentos para c\u00e3es.<\/p>\n<p>De acordo com o comunicado, espera-se que as redu\u00e7\u00f5es de pre\u00e7os economizem \u201cmilh\u00f5es de d\u00f3lares\u201d aos consumidores neste ver\u00e3o.<\/p>\n<p>Alguns dos produtos com pre\u00e7os reduzidos podem ser encontrados abaixo:<\/p>\n<ul>\n<li>Manteiga sem sal Good &amp; Gather (1 lb.) agora por US$ 3,79 (era US$ 3,99)<\/li>\n<li>Good &amp; Gather Organic Baby Spinach (5 on\u00e7as) agora por US$ 2,99 \u200b\u200b(custava US$ 3,29)<\/li>\n<li>Bebidas esportivas de hidrata\u00e7\u00e3o Prime (16,9 fl oz) agora por US$ 1,99 (era US$ 2,19)<\/li>\n<li>Pizza de pepperoni congelada de Jack (14,3 on\u00e7as) agora por US$ 3,99 (custava US$ 4,19)<\/li>\n<li>Thomas Plain Bagels (20 on\u00e7as) por US$ 3,79 (de US$ 4,19)<\/li>\n<li>Pepperidge Farm Goldfish Cheddar Flavor Blasted Crackers (6,6 on\u00e7as) por US$ 2,79 (a partir de US$ 2,99)<\/li>\n<li>Nozes torradas com sal marinho Good &amp; Gather (9,5 on\u00e7as) agora por US$ 5,29 (custava US$ 6,89)<\/li>\n<li>Toalhetes perfumados Clorox (contagem de 75) agora por US$ 4,99 (custava US$ 5,79)<\/li>\n<li>Len\u00e7os umedecidos Huggies (contagem de 16) agora por US $ 0,99 (custava US $ 1,19)<\/li>\n<li>Protetor solar Aveeno FPS 50 (3 fl oz) agora por US$ 13,19 (custava US$ 13,89)<\/li>\n<li>Detergente l\u00edquido para roupas Persil (100 fl oz) agora por US$ 12,99 (custava US$ 13,69)<\/li>\n<li>Purina One Chicken &amp; Gravy Cat Food (13 on\u00e7as) Agora $ 1,99 (custava $ 2,39)<\/li>\n<\/ul>\n<p>O Aldi tamb\u00e9m anunciou que planeja reduzir os pre\u00e7os nas lojas durante o ver\u00e3o\u00a0em um esfor\u00e7o para combater a \u201cinfla\u00e7\u00e3o persistente\u201d.<\/p>\n","protected":false},"excerpt":{"rendered":"<p>A Target anunciou na semana passada que reduziria os pre\u00e7os de cerca de 5.000 itens comprados com frequ\u00eancia com a aproxima\u00e7\u00e3o do ver\u00e3o. De acordo com um comunicado de imprensa, o varejista com sede em Minneapolis disse que as redu\u00e7\u00f5es de pre\u00e7os ocorreriam durante o ver\u00e3o. \u201cSabemos que os consumidores est\u00e3o se sentindo pressionados para aproveitar ao m\u00e1ximo seu or\u00e7amento e a Target est\u00e1 aqui para ajud\u00e1-los a economizar mais\u201d, disse Rick Gomez, vice-presidente executivo e chefe de alimentos, itens essenciais e beleza da Target, no comunicado. Alguns dos cortes de pre\u00e7os ser\u00e3o aplicados a itens de mercearia, como leite, [&hellip;]<\/p>\n","protected":false},"author":1,"featured_media":57873,"comment_status":"open","ping_status":"closed","sticky":false,"template":"","format":"standard","meta":{"_links_to":"","_links_to_target":""},"categories":[4,3,1],"tags":[],"views":1035,"_links":{"self":[{"href":"https:\/\/www.brazilianpress.com\/v1\/wp-json\/wp\/v2\/posts\/57872"}],"collection":[{"href":"https:\/\/www.brazilianpress.com\/v1\/wp-json\/wp\/v2\/posts"}],"about":[{"href":"https:\/\/www.brazilianpress.com\/v1\/wp-json\/wp\/v2\/types\/post"}],"author":[{"embeddable":true,"href":"https:\/\/www.brazilianpress.com\/v1\/wp-json\/wp\/v2\/users\/1"}],"replies":[{"embeddable":true,"href":"https:\/\/www.brazilianpress.com\/v1\/wp-json\/wp\/v2\/comments?post=57872"}],"version-history":[{"count":1,"href":"https:\/\/www.brazilianpress.com\/v1\/wp-json\/wp\/v2\/posts\/57872\/revisions"}],"predecessor-version":[{"id":57874,"href":"https:\/\/www.brazilianpress.com\/v1\/wp-json\/wp\/v2\/posts\/57872\/revisions\/57874"}],"wp:featuredmedia":[{"embeddable":true,"href":"https:\/\/www.brazilianpress.com\/v1\/wp-json\/wp\/v2\/media\/57873"}],"wp:attachment":[{"href":"https:\/\/www.brazilianpress.com\/v1\/wp-json\/wp\/v2\/media?parent=57872"}],"wp:term":[{"taxonomy":"category","embeddable":true,"href":"https:\/\/www.brazilianpress.com\/v1\/wp-json\/wp\/v2\/categories?post=57872"},{"taxonomy":"post_tag","embeddable":true,"href":"https:\/\/www.brazilianpress.com\/v1\/wp-json\/wp\/v2\/tags?post=57872"}],"curies":[{"name":"wp","href":"https:\/\/api.w.org\/{rel}","templated":true}]}}