{"id":57958,"date":"2024-06-12T13:12:38","date_gmt":"2024-06-12T17:12:38","guid":{"rendered":"https:\/\/www.brazilianpress.com\/v1\/?p=57958"},"modified":"2024-06-12T13:12:38","modified_gmt":"2024-06-12T17:12:38","slug":"numero-de-imigrantes-que-morreram-nos-eua-neste-ano-fiscal-ja-e-o-dobro-de-2023","status":"publish","type":"post","link":"https:\/\/www.brazilianpress.com\/v1\/2024\/06\/12\/numero-de-imigrantes-que-morreram-nos-eua-neste-ano-fiscal-ja-e-o-dobro-de-2023\/","title":{"rendered":"N\u00famero de imigrantes que morreram nos EUA neste ano fiscal j\u00e1 \u00e9 o dobro de 2023"},"content":{"rendered":"<p><strong>Dez pessoas morreram enquanto estavam sob cust\u00f3dia do Departamento de Imigra\u00e7\u00e3o e Alf\u00e2ndega at\u00e9 agora neste ano fiscal, mais que o dobro do n\u00famero do ano passado e o triplo do n\u00famero do ano anterior, de acordo com dados do ICE e comunicados de imprensa.<\/strong><\/p>\n<p>Houve mais mortes nos primeiros oito meses do atual ano fiscal, que termina em 30 de setembro, do que nos 12 meses de cinco dos seis anos anteriores.<\/p>\n<p>Um porta-voz do ICE disse que \u201cleva muito a s\u00e9rio a seguran\u00e7a daqueles sob sua cust\u00f3dia e continua comprometido em garantir que todos aqueles sob sua cust\u00f3dia residam em ambientes seguros e humanos\u201d.<\/p>\n<p>\u201cTodas as pessoas sob cust\u00f3dia do ICE recebem exames m\u00e9dicos, dent\u00e1rios e de sa\u00fade mental dentro de 12 horas ap\u00f3s sua chegada a cada centro de deten\u00e7\u00e3o, uma avalia\u00e7\u00e3o de sa\u00fade completa dentro de 14 dias ap\u00f3s entrarem sob cust\u00f3dia do ICE ou de sua chegada a uma instala\u00e7\u00e3o, e acesso a consultas m\u00e9dicas. e atendimento 24 horas. Atendimento de emerg\u00eancia por hora. Em nenhum momento durante a deten\u00e7\u00e3o \u00e9 negado atendimento de emerg\u00eancia a um n\u00e3o-cidad\u00e3o detido\u201d.<\/p>\n<p>A popula\u00e7\u00e3o m\u00e9dia di\u00e1ria do ICE neste ano \u00e9 de 37.835, segundo a ag\u00eancia. Isso se compara a 28.289 no ano fiscal de 2023 e 22.578 e 19.254 nos anos fiscais de 2022 e 2021, respectivamente, de acordo com o ICE.<\/p>\n<p>No ano fiscal de 2020, quando 21 pessoas morreram sob cust\u00f3dia do ICE durante o auge da COVID, a popula\u00e7\u00e3o m\u00e9dia di\u00e1ria era de 33.724.<\/p>\n<p>No ano fiscal de 2019, quando oito pessoas morreram, a popula\u00e7\u00e3o m\u00e9dia di\u00e1ria era de 50.165.<\/p>\n<p>Os defensores dos imigrantes denunciaram o que consideram ser viola\u00e7\u00f5es cont\u00ednuas dos direitos humanos dentro dos centros de deten\u00e7\u00e3o privados do ICE e apelaram a uma maior responsabiliza\u00e7\u00e3o e transpar\u00eancia ap\u00f3s as mortes sob cust\u00f3dia da ag\u00eancia.<\/p>\n<p>Eles tamb\u00e9m pediram que o ICE liberte os detidos que tenham problemas de sa\u00fade e potenciais patrocinadores no pa\u00eds enquanto os seus casos de imigra\u00e7\u00e3o s\u00e3o resolvidos.<\/p>\n<p>O recente n\u00famero de mortos foi \u201cchocante\u201d, disse Azadeh Shahshahani, diretor jur\u00eddico e de defesa do Projeto Sul, que defende quest\u00f5es de justi\u00e7a social, incluindo direitos de imigra\u00e7\u00e3o, no Sul.<\/p>\n<p>\u201cO presidente Biden prometeu que tomaria algumas medidas em rela\u00e7\u00e3o \u00e0 deten\u00e7\u00e3o privatizada de imigrantes e, em vez disso, eles n\u00e3o viram nada\u201d, disse ele na quinta-feira. \u201cO que temos visto s\u00e3o abusos cont\u00ednuos, viola\u00e7\u00f5es dos direitos humanos e mortes constantes\u201d.<\/p>\n<p>\u201c\u00c9 um verdadeiro motivo de preocupa\u00e7\u00e3o\u201d, disse ele.<\/p>\n<p>No in\u00edcio deste m\u00eas, os defensores dos direitos dos imigrantes realizaram uma pequena vig\u00edlia \u00e0 luz de velas fora do escrit\u00f3rio do ICE em New Orleans em mem\u00f3ria de um homem que morreu na Louisiana no final de fevereiro e de outros que morreram sob cust\u00f3dia do ICE, aproveitando a oportunidade para apelar ao governo federal para cortar la\u00e7os com centros de deten\u00e7\u00e3o problem\u00e1ticos.<\/p>\n<p>Ousmane Ba, um homem de 33 anos do Senegal, morreu em 23 de fevereiro depois de ficar hospitalizado por quase um m\u00eas, de acordo com um comunicado do ICE.<\/p>\n","protected":false},"excerpt":{"rendered":"<p>Dez pessoas morreram enquanto estavam sob cust\u00f3dia do Departamento de Imigra\u00e7\u00e3o e Alf\u00e2ndega at\u00e9 agora neste ano fiscal, mais que o dobro do n\u00famero do ano passado e o triplo do n\u00famero do ano anterior, de acordo com dados do ICE e comunicados de imprensa. Houve mais mortes nos primeiros oito meses do atual ano fiscal, que termina em 30 de setembro, do que nos 12 meses de cinco dos seis anos anteriores. Um porta-voz do ICE disse que \u201cleva muito a s\u00e9rio a seguran\u00e7a daqueles sob sua cust\u00f3dia e continua comprometido em garantir que todos aqueles sob sua cust\u00f3dia [&hellip;]<\/p>\n","protected":false},"author":1,"featured_media":57959,"comment_status":"open","ping_status":"closed","sticky":false,"template":"","format":"standard","meta":{"_links_to":"","_links_to_target":""},"categories":[4,3,1],"tags":[],"views":1030,"_links":{"self":[{"href":"https:\/\/www.brazilianpress.com\/v1\/wp-json\/wp\/v2\/posts\/57958"}],"collection":[{"href":"https:\/\/www.brazilianpress.com\/v1\/wp-json\/wp\/v2\/posts"}],"about":[{"href":"https:\/\/www.brazilianpress.com\/v1\/wp-json\/wp\/v2\/types\/post"}],"author":[{"embeddable":true,"href":"https:\/\/www.brazilianpress.com\/v1\/wp-json\/wp\/v2\/users\/1"}],"replies":[{"embeddable":true,"href":"https:\/\/www.brazilianpress.com\/v1\/wp-json\/wp\/v2\/comments?post=57958"}],"version-history":[{"count":1,"href":"https:\/\/www.brazilianpress.com\/v1\/wp-json\/wp\/v2\/posts\/57958\/revisions"}],"predecessor-version":[{"id":57960,"href":"https:\/\/www.brazilianpress.com\/v1\/wp-json\/wp\/v2\/posts\/57958\/revisions\/57960"}],"wp:featuredmedia":[{"embeddable":true,"href":"https:\/\/www.brazilianpress.com\/v1\/wp-json\/wp\/v2\/media\/57959"}],"wp:attachment":[{"href":"https:\/\/www.brazilianpress.com\/v1\/wp-json\/wp\/v2\/media?parent=57958"}],"wp:term":[{"taxonomy":"category","embeddable":true,"href":"https:\/\/www.brazilianpress.com\/v1\/wp-json\/wp\/v2\/categories?post=57958"},{"taxonomy":"post_tag","embeddable":true,"href":"https:\/\/www.brazilianpress.com\/v1\/wp-json\/wp\/v2\/tags?post=57958"}],"curies":[{"name":"wp","href":"https:\/\/api.w.org\/{rel}","templated":true}]}}