{"id":58079,"date":"2024-06-27T12:57:47","date_gmt":"2024-06-27T16:57:47","guid":{"rendered":"https:\/\/www.brazilianpress.com\/v1\/?p=58079"},"modified":"2024-06-27T12:57:47","modified_gmt":"2024-06-27T16:57:47","slug":"canada-tem-incendios-florestais-que-ameacam-prisao-e-obrigam-retirada-de-presos","status":"publish","type":"post","link":"https:\/\/www.brazilianpress.com\/v1\/2024\/06\/27\/canada-tem-incendios-florestais-que-ameacam-prisao-e-obrigam-retirada-de-presos\/","title":{"rendered":"Canad\u00e1 tem inc\u00eandios florestais que amea\u00e7am pris\u00e3o e obrigam retirada de presos"},"content":{"rendered":"<p><strong>Duzentos e vinte e cinco presos de uma\u00a0pentenci\u00e1ria de seguran\u00e7a m\u00e1xima\u00a0do Canad\u00e1 tiveram que ser retirados do local depois que os inc\u00eandios florestais que atingem o leste do Canad\u00e1 chegaram muito pr\u00f3ximo ao pr\u00e9dio e amea\u00e7aram os detentos.<\/strong><\/p>\n<p>A pris\u00e3o federal de Port-Cartier, situada cerca de 500 km ao norte da cidade de Quebec, foi evacuada no fim de semana, bem como mil moradores da regi\u00e3o e 750 trabalhadores de uma usina hidrel\u00e9trica em Labrador, mais ao norte.<\/p>\n<p>Em nota, a comiss\u00e1ria de servi\u00e7os penitenci\u00e1rios Anne Kelly disse que a pris\u00e3o foi fechada e os detentos, \u201ctransferidos com sucesso da \u00e1rea afetada para outras instala\u00e7\u00f5es correcionais federais seguras\u201d.<\/p>\n<p>Essa pris\u00e3o abrigou alguns dos criminosos mais not\u00f3rios do pa\u00eds, inclu\u00eddos v\u00e1rios assassinos em s\u00e9rie. As autoridades declararam na sexta-feira o estado de emerg\u00eancia local quando os inc\u00eandios florestais amea\u00e7aram a cidade de Port-Cartier. Centenas de trabalhadores da enorme usina hidrel\u00e9trica de Churchill Falls tamb\u00e9m seguiam desalojados neste domingo ap\u00f3s de fugirem dos inc\u00eandios no in\u00edcio da \u00faltima semana.<\/p>\n<p>A planta fornece energia \u00e0 prov\u00edncia de Terranova, vizinha a Quebec e outras jurisdi\u00e7\u00f5es. O inc\u00eandio \u201ccontinua sendo uma amea\u00e7a para a comunidade\u201d, disse em entrevista coletiva o primeiro-ministro de Terranova, Andrew Furey, embora tenha sido \u201ccontido em grande medida\u201d. Jennifer Williams, diretora da companhia hidrel\u00e9trica de Terranova e Labrador, comentou que uma equipe m\u00ednima permanece no local para manter em funcionamento a usina geradora.<\/p>\n","protected":false},"excerpt":{"rendered":"<p>Duzentos e vinte e cinco presos de uma\u00a0pentenci\u00e1ria de seguran\u00e7a m\u00e1xima\u00a0do Canad\u00e1 tiveram que ser retirados do local depois que os inc\u00eandios florestais que atingem o leste do Canad\u00e1 chegaram muito pr\u00f3ximo ao pr\u00e9dio e amea\u00e7aram os detentos. A pris\u00e3o federal de Port-Cartier, situada cerca de 500 km ao norte da cidade de Quebec, foi evacuada no fim de semana, bem como mil moradores da regi\u00e3o e 750 trabalhadores de uma usina hidrel\u00e9trica em Labrador, mais ao norte. Em nota, a comiss\u00e1ria de servi\u00e7os penitenci\u00e1rios Anne Kelly disse que a pris\u00e3o foi fechada e os detentos, \u201ctransferidos com sucesso da [&hellip;]<\/p>\n","protected":false},"author":1,"featured_media":58080,"comment_status":"open","ping_status":"closed","sticky":false,"template":"","format":"standard","meta":{"_links_to":"","_links_to_target":""},"categories":[8,1],"tags":[],"views":592,"_links":{"self":[{"href":"https:\/\/www.brazilianpress.com\/v1\/wp-json\/wp\/v2\/posts\/58079"}],"collection":[{"href":"https:\/\/www.brazilianpress.com\/v1\/wp-json\/wp\/v2\/posts"}],"about":[{"href":"https:\/\/www.brazilianpress.com\/v1\/wp-json\/wp\/v2\/types\/post"}],"author":[{"embeddable":true,"href":"https:\/\/www.brazilianpress.com\/v1\/wp-json\/wp\/v2\/users\/1"}],"replies":[{"embeddable":true,"href":"https:\/\/www.brazilianpress.com\/v1\/wp-json\/wp\/v2\/comments?post=58079"}],"version-history":[{"count":1,"href":"https:\/\/www.brazilianpress.com\/v1\/wp-json\/wp\/v2\/posts\/58079\/revisions"}],"predecessor-version":[{"id":58081,"href":"https:\/\/www.brazilianpress.com\/v1\/wp-json\/wp\/v2\/posts\/58079\/revisions\/58081"}],"wp:featuredmedia":[{"embeddable":true,"href":"https:\/\/www.brazilianpress.com\/v1\/wp-json\/wp\/v2\/media\/58080"}],"wp:attachment":[{"href":"https:\/\/www.brazilianpress.com\/v1\/wp-json\/wp\/v2\/media?parent=58079"}],"wp:term":[{"taxonomy":"category","embeddable":true,"href":"https:\/\/www.brazilianpress.com\/v1\/wp-json\/wp\/v2\/categories?post=58079"},{"taxonomy":"post_tag","embeddable":true,"href":"https:\/\/www.brazilianpress.com\/v1\/wp-json\/wp\/v2\/tags?post=58079"}],"curies":[{"name":"wp","href":"https:\/\/api.w.org\/{rel}","templated":true}]}}