{"id":58082,"date":"2024-06-27T13:02:45","date_gmt":"2024-06-27T17:02:45","guid":{"rendered":"https:\/\/www.brazilianpress.com\/v1\/?p=58082"},"modified":"2024-06-27T13:02:45","modified_gmt":"2024-06-27T17:02:45","slug":"medico-brasileiro-esta-sob-vigilancia-em-hospital-apos-acidente-na-namibia","status":"publish","type":"post","link":"https:\/\/www.brazilianpress.com\/v1\/2024\/06\/27\/medico-brasileiro-esta-sob-vigilancia-em-hospital-apos-acidente-na-namibia\/","title":{"rendered":"M\u00e9dico brasileiro est\u00e1 sob vigil\u00e2ncia em hospital ap\u00f3s acidente na Nam\u00edbia"},"content":{"rendered":"<p><strong>O m\u00e9dico brasileiro Charles S\u00e1, \u00fanico sobrevivente do acidente de carro ocorrido durante safari na Nam\u00edbia, est\u00e1 sob guarda policial em um hospital na cidade de Otjiwarongo. O Itamaraty acompanha o caso.<\/strong><\/p>\n<p>Brasileiro \u00e9 investigado por homic\u00eddio culposo. O porta-voz da pol\u00edcia, Kauna Shikwambique, afirmou ao jornal The Namibian nesta sexta-feira (21) que o m\u00e9dico foi imprudente na dire\u00e7\u00e3o, conforme a Lei de Tr\u00e2nsito Rodovi\u00e1rio do pa\u00eds, de 1988. A primeira audi\u00eancia dele est\u00e1 marcada para a pr\u00f3xima quinta-feira (27).<\/p>\n<p>Representante da embaixada do Brasil em Windhoek foi enviado para acompanhar o caso. O Itamaraty informou que foi notificado na quinta-feira (19)<\/p>\n","protected":false},"excerpt":{"rendered":"<p>O m\u00e9dico brasileiro Charles S\u00e1, \u00fanico sobrevivente do acidente de carro ocorrido durante safari na Nam\u00edbia, est\u00e1 sob guarda policial em um hospital na cidade de Otjiwarongo. O Itamaraty acompanha o caso. Brasileiro \u00e9 investigado por homic\u00eddio culposo. O porta-voz da pol\u00edcia, Kauna Shikwambique, afirmou ao jornal The Namibian nesta sexta-feira (21) que o m\u00e9dico foi imprudente na dire\u00e7\u00e3o, conforme a Lei de Tr\u00e2nsito Rodovi\u00e1rio do pa\u00eds, de 1988. A primeira audi\u00eancia dele est\u00e1 marcada para a pr\u00f3xima quinta-feira (27). Representante da embaixada do Brasil em Windhoek foi enviado para acompanhar o caso. O Itamaraty informou que foi notificado na [&hellip;]<\/p>\n","protected":false},"author":1,"featured_media":58083,"comment_status":"open","ping_status":"closed","sticky":false,"template":"","format":"standard","meta":{"_links_to":"","_links_to_target":""},"categories":[7,1],"tags":[],"views":1431,"_links":{"self":[{"href":"https:\/\/www.brazilianpress.com\/v1\/wp-json\/wp\/v2\/posts\/58082"}],"collection":[{"href":"https:\/\/www.brazilianpress.com\/v1\/wp-json\/wp\/v2\/posts"}],"about":[{"href":"https:\/\/www.brazilianpress.com\/v1\/wp-json\/wp\/v2\/types\/post"}],"author":[{"embeddable":true,"href":"https:\/\/www.brazilianpress.com\/v1\/wp-json\/wp\/v2\/users\/1"}],"replies":[{"embeddable":true,"href":"https:\/\/www.brazilianpress.com\/v1\/wp-json\/wp\/v2\/comments?post=58082"}],"version-history":[{"count":1,"href":"https:\/\/www.brazilianpress.com\/v1\/wp-json\/wp\/v2\/posts\/58082\/revisions"}],"predecessor-version":[{"id":58084,"href":"https:\/\/www.brazilianpress.com\/v1\/wp-json\/wp\/v2\/posts\/58082\/revisions\/58084"}],"wp:featuredmedia":[{"embeddable":true,"href":"https:\/\/www.brazilianpress.com\/v1\/wp-json\/wp\/v2\/media\/58083"}],"wp:attachment":[{"href":"https:\/\/www.brazilianpress.com\/v1\/wp-json\/wp\/v2\/media?parent=58082"}],"wp:term":[{"taxonomy":"category","embeddable":true,"href":"https:\/\/www.brazilianpress.com\/v1\/wp-json\/wp\/v2\/categories?post=58082"},{"taxonomy":"post_tag","embeddable":true,"href":"https:\/\/www.brazilianpress.com\/v1\/wp-json\/wp\/v2\/tags?post=58082"}],"curies":[{"name":"wp","href":"https:\/\/api.w.org\/{rel}","templated":true}]}}