{"id":58106,"date":"2024-06-30T11:22:19","date_gmt":"2024-06-30T15:22:19","guid":{"rendered":"https:\/\/www.brazilianpress.com\/v1\/?p=58106"},"modified":"2024-06-30T11:22:32","modified_gmt":"2024-06-30T15:22:32","slug":"video-adolescente-imigrante-de-13-anos-e-morto-pela-policia-apos-reagir-a-abordagem-no-estado-de-ny","status":"publish","type":"post","link":"https:\/\/www.brazilianpress.com\/v1\/2024\/06\/30\/video-adolescente-imigrante-de-13-anos-e-morto-pela-policia-apos-reagir-a-abordagem-no-estado-de-ny\/","title":{"rendered":"V\u00cdDEO: Adolescente imigrante de 13 anos \u00e9 morto pela pol\u00edcia ap\u00f3s reagir a abordagem no estado de NY"},"content":{"rendered":"<p><strong>O departamento de pol\u00edcia da cidade de Utica, em Nova York, divulgou no s\u00e1bado (29) imagens de uma c\u00e2mera corporal mostrando um policial atirando contra um adolescente depois que ele fugiu da abordagem e mostrou o que a pol\u00edcia acreditava ser uma arma de fogo.<\/strong><\/p>\n<p>Um policial foi visto realizando compress\u00f5es tor\u00e1cicas no menino ap\u00f3s ele ser baleado na sexta-feira (28). A Reuters conseguiu localizar o v\u00eddeo atrav\u00e9s de edif\u00edcios pr\u00f3ximos, tra\u00e7ados de estradas e vegeta\u00e7\u00e3o que correspondiam a imagens de sat\u00e9lite e vistas de ruas. O v\u00eddeo corroborante mostrou a mesma cena. A Reuters conseguiu confirmar a data deste v\u00eddeo a partir da data e hora registradas no v\u00eddeo.<\/p>\n<p><span style=\"color: #ff0000;\"><strong>Assista o v\u00eddeo:<\/strong> <\/span><\/p>\n<div style=\"width: 640px;\" class=\"wp-video\"><!--[if lt IE 9]><script>document.createElement('video');<\/script><![endif]-->\n<video class=\"wp-video-shortcode\" id=\"video-58106-1\" width=\"640\" height=\"360\" preload=\"metadata\" controls=\"controls\"><source type=\"video\/mp4\" src=\"https:\/\/www.cnnbrasil.com.br\/wp-content\/uploads\/sites\/12\/2024\/06\/morte-adolescente-13-anos-utica-new-york-%E2%80%90-Feito-com-o-Clipchamp.mp4?_=1\" \/><a href=\"https:\/\/www.cnnbrasil.com.br\/wp-content\/uploads\/sites\/12\/2024\/06\/morte-adolescente-13-anos-utica-new-york-%E2%80%90-Feito-com-o-Clipchamp.mp4\">https:\/\/www.cnnbrasil.com.br\/wp-content\/uploads\/sites\/12\/2024\/06\/morte-adolescente-13-anos-utica-new-york-%E2%80%90-Feito-com-o-Clipchamp.mp4<\/a><\/video><\/div>\n<p>O adolescente foi identificado como Nyah Mway, de 13 anos, disse a pol\u00edcia de Utica em uma declara\u00e7\u00e3o em sua p\u00e1gina do Facebook. De acordo com a m\u00eddia dos EUA, a fam\u00edlia de Nyah \u00e9 formada por refugiados que pertencem a um grupo \u00e9tnico de Mianmar.<\/p>\n<p>O chefe de pol\u00edcia de Utica, Mark Williams, disse em uma entrevista coletiva no s\u00e1bado que a arma do menino foi posteriormente determinada como sendo uma r\u00e9plica de pistola Glock 17 com um carregador destac\u00e1vel, que ele descreveu como uma arma de chumbinho. A pol\u00edcia de Utica disse em seu comunicado que duas investiga\u00e7\u00f5es estavam sendo conduzidas e esperava que \u201cum processo de investiga\u00e7\u00e3o imparcial, justo e completo\u201d respondesse a quaisquer quest\u00f5es restantes.<\/p>\n","protected":false},"excerpt":{"rendered":"<p>O departamento de pol\u00edcia da cidade de Utica, em Nova York, divulgou no s\u00e1bado (29) imagens de uma c\u00e2mera corporal mostrando um policial atirando contra um adolescente depois que ele fugiu da abordagem e mostrou o que a pol\u00edcia acreditava ser uma arma de fogo. Um policial foi visto realizando compress\u00f5es tor\u00e1cicas no menino ap\u00f3s ele ser baleado na sexta-feira (28). A Reuters conseguiu localizar o v\u00eddeo atrav\u00e9s de edif\u00edcios pr\u00f3ximos, tra\u00e7ados de estradas e vegeta\u00e7\u00e3o que correspondiam a imagens de sat\u00e9lite e vistas de ruas. O v\u00eddeo corroborante mostrou a mesma cena. A Reuters conseguiu confirmar a data deste [&hellip;]<\/p>\n","protected":false},"author":1,"featured_media":58107,"comment_status":"open","ping_status":"closed","sticky":false,"template":"","format":"standard","meta":{"_links_to":"","_links_to_target":""},"categories":[3,1,10],"tags":[],"views":1201,"_links":{"self":[{"href":"https:\/\/www.brazilianpress.com\/v1\/wp-json\/wp\/v2\/posts\/58106"}],"collection":[{"href":"https:\/\/www.brazilianpress.com\/v1\/wp-json\/wp\/v2\/posts"}],"about":[{"href":"https:\/\/www.brazilianpress.com\/v1\/wp-json\/wp\/v2\/types\/post"}],"author":[{"embeddable":true,"href":"https:\/\/www.brazilianpress.com\/v1\/wp-json\/wp\/v2\/users\/1"}],"replies":[{"embeddable":true,"href":"https:\/\/www.brazilianpress.com\/v1\/wp-json\/wp\/v2\/comments?post=58106"}],"version-history":[{"count":2,"href":"https:\/\/www.brazilianpress.com\/v1\/wp-json\/wp\/v2\/posts\/58106\/revisions"}],"predecessor-version":[{"id":58109,"href":"https:\/\/www.brazilianpress.com\/v1\/wp-json\/wp\/v2\/posts\/58106\/revisions\/58109"}],"wp:featuredmedia":[{"embeddable":true,"href":"https:\/\/www.brazilianpress.com\/v1\/wp-json\/wp\/v2\/media\/58107"}],"wp:attachment":[{"href":"https:\/\/www.brazilianpress.com\/v1\/wp-json\/wp\/v2\/media?parent=58106"}],"wp:term":[{"taxonomy":"category","embeddable":true,"href":"https:\/\/www.brazilianpress.com\/v1\/wp-json\/wp\/v2\/categories?post=58106"},{"taxonomy":"post_tag","embeddable":true,"href":"https:\/\/www.brazilianpress.com\/v1\/wp-json\/wp\/v2\/tags?post=58106"}],"curies":[{"name":"wp","href":"https:\/\/api.w.org\/{rel}","templated":true}]}}