{"id":58280,"date":"2024-07-23T21:44:53","date_gmt":"2024-07-24T01:44:53","guid":{"rendered":"https:\/\/www.brazilianpress.com\/v1\/?p=58280"},"modified":"2024-07-23T21:44:53","modified_gmt":"2024-07-24T01:44:53","slug":"ex-funcionarios-especulam-como-seria-a-deportacao-em-massa-de-migrantes-sob-uma-segunda-administracao-trump","status":"publish","type":"post","link":"https:\/\/www.brazilianpress.com\/v1\/2024\/07\/23\/ex-funcionarios-especulam-como-seria-a-deportacao-em-massa-de-migrantes-sob-uma-segunda-administracao-trump\/","title":{"rendered":"Ex-funcion\u00e1rios especulam como seria a deporta\u00e7\u00e3o em massa de migrantes sob uma segunda administra\u00e7\u00e3o Trump"},"content":{"rendered":"<p><strong>Dois ex-funcion\u00e1rios que trataram de quest\u00f5es de imigra\u00e7\u00e3o para o ent\u00e3o presidente Donald Trump dizem que seria necess\u00e1ria uma abordagem \u201cde todo o governo\u201d, custando milhares de milh\u00f5es, para montar o \u201cmaior esfor\u00e7o de deporta\u00e7\u00e3o na hist\u00f3ria dos EUA\u201d prometido na plataforma republicana se Trump for reeleito.<\/strong><\/p>\n<p>O n\u00famero exato de pessoas que seriam deportadas numa segunda administra\u00e7\u00e3o Trump \u00e9 dif\u00edcil de identificar.<\/p>\n<p>Durante o debate presidencial de 29 de junho, Trump afirmou que havia 18 milh\u00f5es de imigrantes indocumentados nos Estados Unidos. Um dos dois ex-funcion\u00e1rios de Trump disse que poderia chegar a 30 milh\u00f5es.<\/p>\n<p>A estimativa mais recente do governo \u00e9 que pouco menos de 11 milh\u00f5es de imigrantes n\u00e3o autorizados residiam nos EUA em 1 de janeiro de 2022; 500.000 a mais do que dois anos antes, mas menos do que o total de 11,6 milh\u00f5es de 2010.<\/p>\n<p>Na semana passada, de acordo com a Semafor, um ex-diretor interino do ICE sob a administra\u00e7\u00e3o Trump, que \u00e9 visto como um poss\u00edvel chefe do Departamento de Seguran\u00e7a Interna numa segunda administra\u00e7\u00e3o Trump, disse numa confer\u00eancia conservadora: \u201cEles ainda n\u00e3o viram nada. Espere at\u00e9 2025\u201d.<\/p>\n<p>\u201cTrump regressa em janeiro\u201d, disse Tom Homan, \u201cirei segui-lo de perto quando ele regressar e liderarei a maior for\u00e7a de deporta\u00e7\u00e3o que este pa\u00eds alguma vez viu\u201d.<\/p>\n<p>Num comunicado, a secret\u00e1ria de imprensa nacional da campanha de Trump, Karoline Leavitt, disse: \u201cA maioria dos americanos quer deporta\u00e7\u00f5es em massa de imigrantes ilegais. No primeiro dia em que regressar \u00e0 Casa Branca, o Trump iniciar\u00e1 a maior opera\u00e7\u00e3o de deporta\u00e7\u00e3o criminosa de imigrantes ilegais e restaurar o Estado de direito\u201d.<\/p>\n<p><strong>A NBC News perguntado, o diretor interino do ICE, Patrick J. Lechleitner, o que seria necess\u00e1rio para deportar milh\u00f5es de pessoas <\/strong>Lechleitner n\u00e3o comentou a plataforma da conven\u00e7\u00e3o republicana, mas disse que, em geral, a deporta\u00e7\u00e3o \u00e9 muito complicada e exige uma log\u00edstica enorme: \u201cN\u00e3o se trata apenas de coloc\u00e1-los em avi\u00f5es e vo\u00e1-los, o que \u00e9 caro, temos que ter avi\u00f5es. Tamb\u00e9m temos de lidar com os pa\u00edses anfitri\u00f5es. \u201cTemos que conseguir documentos de viagem, temos que fazer toda a log\u00edstica envolvida nisso\u201d.<\/p>\n<p>Ele disse que para algumas pessoas que n\u00e3o est\u00e3o detidas, o caminho para a deporta\u00e7\u00e3o pode levar anos. \u201cTemos que monitor\u00e1-los o tempo todo. \u201cIsso requer muitos recursos\u201d, disse ele.<\/p>\n<p>Abigail Andrews, professora de estudos urbanos e planejamento na Universidade da Calif\u00f3rnia, em San Diego, que estuda dados de deporta\u00e7\u00e3o nos \u00faltimos 10 anos, disse estar muito c\u00e9tica sobre como seria um esfor\u00e7o de deporta\u00e7\u00e3o em massa.<\/p>\n<p>\u201cN\u00e3o h\u00e1 forma log\u00edstica de rastrear 10 a 12 milh\u00f5es de imigrantes indocumentados com os funcion\u00e1rios do ICE que eles t\u00eam atualmente\u201d, disse ele.<\/p>\n<p>Ammon Blair, um ex-agente da Patrulha de Fronteira que deixou a ag\u00eancia em 2023 e agora \u00e9 membro s\u00eanior da Texas Public Policy Foundation, tamb\u00e9m expressou ceticismo. \u201cSinceramente, n\u00e3o vejo isso acontecendo\u201d, disse ele. &#8220;Primeiro, porque penso que \u00e9 suic\u00eddio pol\u00edtico, e segundo, penso que precisamos de nos concentrar em quest\u00f5es de seguran\u00e7a nacional&#8221;.<\/p>\n","protected":false},"excerpt":{"rendered":"<p>Dois ex-funcion\u00e1rios que trataram de quest\u00f5es de imigra\u00e7\u00e3o para o ent\u00e3o presidente Donald Trump dizem que seria necess\u00e1ria uma abordagem \u201cde todo o governo\u201d, custando milhares de milh\u00f5es, para montar o \u201cmaior esfor\u00e7o de deporta\u00e7\u00e3o na hist\u00f3ria dos EUA\u201d prometido na plataforma republicana se Trump for reeleito. O n\u00famero exato de pessoas que seriam deportadas numa segunda administra\u00e7\u00e3o Trump \u00e9 dif\u00edcil de identificar. Durante o debate presidencial de 29 de junho, Trump afirmou que havia 18 milh\u00f5es de imigrantes indocumentados nos Estados Unidos. Um dos dois ex-funcion\u00e1rios de Trump disse que poderia chegar a 30 milh\u00f5es. A estimativa mais recente [&hellip;]<\/p>\n","protected":false},"author":1,"featured_media":58281,"comment_status":"open","ping_status":"closed","sticky":false,"template":"","format":"standard","meta":{"_links_to":"","_links_to_target":""},"categories":[3,1,10],"tags":[],"views":782,"_links":{"self":[{"href":"https:\/\/www.brazilianpress.com\/v1\/wp-json\/wp\/v2\/posts\/58280"}],"collection":[{"href":"https:\/\/www.brazilianpress.com\/v1\/wp-json\/wp\/v2\/posts"}],"about":[{"href":"https:\/\/www.brazilianpress.com\/v1\/wp-json\/wp\/v2\/types\/post"}],"author":[{"embeddable":true,"href":"https:\/\/www.brazilianpress.com\/v1\/wp-json\/wp\/v2\/users\/1"}],"replies":[{"embeddable":true,"href":"https:\/\/www.brazilianpress.com\/v1\/wp-json\/wp\/v2\/comments?post=58280"}],"version-history":[{"count":1,"href":"https:\/\/www.brazilianpress.com\/v1\/wp-json\/wp\/v2\/posts\/58280\/revisions"}],"predecessor-version":[{"id":58282,"href":"https:\/\/www.brazilianpress.com\/v1\/wp-json\/wp\/v2\/posts\/58280\/revisions\/58282"}],"wp:featuredmedia":[{"embeddable":true,"href":"https:\/\/www.brazilianpress.com\/v1\/wp-json\/wp\/v2\/media\/58281"}],"wp:attachment":[{"href":"https:\/\/www.brazilianpress.com\/v1\/wp-json\/wp\/v2\/media?parent=58280"}],"wp:term":[{"taxonomy":"category","embeddable":true,"href":"https:\/\/www.brazilianpress.com\/v1\/wp-json\/wp\/v2\/categories?post=58280"},{"taxonomy":"post_tag","embeddable":true,"href":"https:\/\/www.brazilianpress.com\/v1\/wp-json\/wp\/v2\/tags?post=58280"}],"curies":[{"name":"wp","href":"https:\/\/api.w.org\/{rel}","templated":true}]}}