{"id":58283,"date":"2024-07-25T15:26:49","date_gmt":"2024-07-25T19:26:49","guid":{"rendered":"https:\/\/www.brazilianpress.com\/v1\/?p=58283"},"modified":"2024-07-25T15:26:49","modified_gmt":"2024-07-25T19:26:49","slug":"escalacao-do-cruzeiro-dinenno-marlon-e-wallace-sao-liberados-do-dm-barreal-e-desfalque","status":"publish","type":"post","link":"https:\/\/www.brazilianpress.com\/v1\/2024\/07\/25\/escalacao-do-cruzeiro-dinenno-marlon-e-wallace-sao-liberados-do-dm-barreal-e-desfalque\/","title":{"rendered":"Escala\u00e7\u00e3o do Cruzeiro: Dinenno, Marlon e Wallace s\u00e3o liberados do DM; Barreal \u00e9 desfalque"},"content":{"rendered":"<p><strong>O\u00a0Cruzeiro\u00a0come\u00e7ou a semana com boas not\u00edcias envolvendo o departamento m\u00e9dico. Dinenno, Marlon e Wallace foram liberados e est\u00e3o \u00e0 disposi\u00e7\u00e3o do t\u00e9cnico Fernando Seabra para a partida de quarta-feira, contra o Juventude, no Mineir\u00e3o.<\/strong><\/p>\n<p>O atacante Dinenno est\u00e1 fora desde que passou por uma cirurgia no p\u00fabis em maio deste ano. J\u00e1 o lateral-esquerdo Marlon se recuperava de uma contus\u00e3o no ombro direito sofrida no in\u00edcio do m\u00eas de julho. O refor\u00e7o que chegou nesta janela, Wallace, aprimorava parte f\u00edsica e pode, enfim, ser relacionado pela primeira vez.<\/p>\n<p>Para a partida de quarta-feira, diante do Juventude, o t\u00e9cnico cruzeirense n\u00e3o vai ter Barreal, suspenso pelo terceiro cart\u00e3o amarelo. Matheus Henrique pode ganhar chance entre os titulares.<\/p>\n<p>Prov\u00e1vel Cruzeiro: C\u00e1ssio; William, Z\u00e9 Ivaldo, Jo\u00e3o Marcelo e Kaiki; Lucas Romero, Lucas Silva e Matheus Henrique (Ramiro); Matheus Pereira, Arthur Gomes e Gabriel Veron. O\u00a0Cruzeiro\u00a0\u00e9 melhor mandante da S\u00e9rie A e busca voltar a vencer depois da derrota para o Palmeiras, por 2 a 0, no s\u00e1bado passado, no Allianz Parque.<\/p>\n","protected":false},"excerpt":{"rendered":"<p>O\u00a0Cruzeiro\u00a0come\u00e7ou a semana com boas not\u00edcias envolvendo o departamento m\u00e9dico. Dinenno, Marlon e Wallace foram liberados e est\u00e3o \u00e0 disposi\u00e7\u00e3o do t\u00e9cnico Fernando Seabra para a partida de quarta-feira, contra o Juventude, no Mineir\u00e3o. O atacante Dinenno est\u00e1 fora desde que passou por uma cirurgia no p\u00fabis em maio deste ano. J\u00e1 o lateral-esquerdo Marlon se recuperava de uma contus\u00e3o no ombro direito sofrida no in\u00edcio do m\u00eas de julho. O refor\u00e7o que chegou nesta janela, Wallace, aprimorava parte f\u00edsica e pode, enfim, ser relacionado pela primeira vez. Para a partida de quarta-feira, diante do Juventude, o t\u00e9cnico cruzeirense n\u00e3o [&hellip;]<\/p>\n","protected":false},"author":1,"featured_media":58284,"comment_status":"open","ping_status":"closed","sticky":false,"template":"","format":"standard","meta":{"_links_to":"","_links_to_target":""},"categories":[9,1],"tags":[],"views":710,"_links":{"self":[{"href":"https:\/\/www.brazilianpress.com\/v1\/wp-json\/wp\/v2\/posts\/58283"}],"collection":[{"href":"https:\/\/www.brazilianpress.com\/v1\/wp-json\/wp\/v2\/posts"}],"about":[{"href":"https:\/\/www.brazilianpress.com\/v1\/wp-json\/wp\/v2\/types\/post"}],"author":[{"embeddable":true,"href":"https:\/\/www.brazilianpress.com\/v1\/wp-json\/wp\/v2\/users\/1"}],"replies":[{"embeddable":true,"href":"https:\/\/www.brazilianpress.com\/v1\/wp-json\/wp\/v2\/comments?post=58283"}],"version-history":[{"count":1,"href":"https:\/\/www.brazilianpress.com\/v1\/wp-json\/wp\/v2\/posts\/58283\/revisions"}],"predecessor-version":[{"id":58285,"href":"https:\/\/www.brazilianpress.com\/v1\/wp-json\/wp\/v2\/posts\/58283\/revisions\/58285"}],"wp:featuredmedia":[{"embeddable":true,"href":"https:\/\/www.brazilianpress.com\/v1\/wp-json\/wp\/v2\/media\/58284"}],"wp:attachment":[{"href":"https:\/\/www.brazilianpress.com\/v1\/wp-json\/wp\/v2\/media?parent=58283"}],"wp:term":[{"taxonomy":"category","embeddable":true,"href":"https:\/\/www.brazilianpress.com\/v1\/wp-json\/wp\/v2\/categories?post=58283"},{"taxonomy":"post_tag","embeddable":true,"href":"https:\/\/www.brazilianpress.com\/v1\/wp-json\/wp\/v2\/tags?post=58283"}],"curies":[{"name":"wp","href":"https:\/\/api.w.org\/{rel}","templated":true}]}}