{"id":58286,"date":"2024-07-25T15:29:02","date_gmt":"2024-07-25T19:29:02","guid":{"rendered":"https:\/\/www.brazilianpress.com\/v1\/?p=58286"},"modified":"2024-07-25T15:29:02","modified_gmt":"2024-07-25T19:29:02","slug":"analise-atletico-mg-encontra-o-equilibrio-domina-o-vasco-e-da-passo-importante-em-retomada","status":"publish","type":"post","link":"https:\/\/www.brazilianpress.com\/v1\/2024\/07\/25\/analise-atletico-mg-encontra-o-equilibrio-domina-o-vasco-e-da-passo-importante-em-retomada\/","title":{"rendered":"An\u00e1lise: Atl\u00e9tico-MG encontra o equil\u00edbrio, domina o Vasco e d\u00e1 passo importante em retomada"},"content":{"rendered":"<p><strong>Equil\u00edbrio. Essa era a busca de Gabriel Milito para o Atl\u00e9tico-MG. Contra o Vasco, a equipe conseguiu, dominou o advers\u00e1rio e conquistou uma vit\u00f3ria por 2 a 0, no domingo, na Arena MRV. O resultado fez o Galo alcan\u00e7ar no primeiro turno 49% de aproveitamento. O clube tem dois jogos a menos \u2014 Gr\u00eamio e Athletico \u2014 que seguem sem data.<\/strong><\/p>\n<p>A grande d\u00favida na escala\u00e7\u00e3o passava por quem seria o substituto de Guilherme Arana (suspenso) pelo lado esquerdo. A solu\u00e7\u00e3o surpreendeu.<\/p>\n<p>Milito escalou Fuchs, Battaglia e Ot\u00e1vio na defesa, com Junior Alonso posicionado pela esquerda. Contudo, quem abria o campo \u2014 na fun\u00e7\u00e3o de Arana \u2014 era Paulinho. Do outro lado, Scarpa foi mantido pela direita.<\/p>\n<p>No meio-campo, o estreante Fausto Vera era respons\u00e1vel por organizar a equipe. Alan Franco atuou mais avan\u00e7ado, enquanto Hulk ficava centralizado e com liberdade para se movimentar na frente.<\/p>\n<p>Desde o in\u00edcio, o Atl\u00e9tico dominou as a\u00e7\u00f5es da partida. Tinha a posse, encontrava espa\u00e7os pelo meio e conseguia controlar o contra-ataque do Vasco sem grandes dificuldades. A circula\u00e7\u00e3o r\u00e1pida de bola apresentava espa\u00e7os para serem aproveitados. Contudo, a equipe pecava na escolha da jogada final, sem conseguir finalizar com tanto perigo. Isso mudou quando conseguiu realizar escolhas precisas e fez a zaga do Vasco balan\u00e7ar, sem cobrir toda marca\u00e7\u00e3o.<\/p>\n<p>Em jogada pela esquerda, Paulinho encontrou um bonito passe para Scarpa, no outro lado. Com a bola, teve tempo e t\u00e9cnica para colocar a bola na cabe\u00e7a de Hulk, que n\u00e3o desperdi\u00e7ou. O gol deu ainda mais tranquilidade para o Galo. Ainda na primeira etapa, o camisa sete aproveitou um recuo de bola do advers\u00e1rio para recuperar a posse e ficar na cara do gol. Com categoria, ganhou do zagueiro e do goleiro para ampliar. Diferente dos \u00faltimos jogos, o Atl\u00e9tico chegou ao segundo tempo com um placar s\u00f3lido e com a possibilidade de ser bem administrado. Isso teve um impacto direto na forma do time atuar.<\/p>\n<p>A posse de bola foi do Vasco. Era a equipe visitante que ficava no campo de ataque a procura de caminhos para marcar. Do outro lado, o Atl\u00e9tico controlava o jogo sem a posse. Protegia bem a \u00e1rea, evitava perder duelos e se armava para sair em velocidade ao ataque. N\u00e3o teve tanto sucesso na parte ofensiva, mas criou algumas oportunidades. O Atl\u00e9tico n\u00e3o deu nenhuma chance para o acaso e esteve no controle do resultado do in\u00edcio ao fim. Um passo importante para o clube manter a confian\u00e7a e ir para a segunda etapa do Brasileiro mirando, pelo menos, um G-6.<\/p>\n","protected":false},"excerpt":{"rendered":"<p>Equil\u00edbrio. Essa era a busca de Gabriel Milito para o Atl\u00e9tico-MG. Contra o Vasco, a equipe conseguiu, dominou o advers\u00e1rio e conquistou uma vit\u00f3ria por 2 a 0, no domingo, na Arena MRV. O resultado fez o Galo alcan\u00e7ar no primeiro turno 49% de aproveitamento. O clube tem dois jogos a menos \u2014 Gr\u00eamio e Athletico \u2014 que seguem sem data. A grande d\u00favida na escala\u00e7\u00e3o passava por quem seria o substituto de Guilherme Arana (suspenso) pelo lado esquerdo. A solu\u00e7\u00e3o surpreendeu. Milito escalou Fuchs, Battaglia e Ot\u00e1vio na defesa, com Junior Alonso posicionado pela esquerda. Contudo, quem abria o [&hellip;]<\/p>\n","protected":false},"author":1,"featured_media":58287,"comment_status":"open","ping_status":"closed","sticky":false,"template":"","format":"standard","meta":{"_links_to":"","_links_to_target":""},"categories":[9,1],"tags":[],"views":736,"_links":{"self":[{"href":"https:\/\/www.brazilianpress.com\/v1\/wp-json\/wp\/v2\/posts\/58286"}],"collection":[{"href":"https:\/\/www.brazilianpress.com\/v1\/wp-json\/wp\/v2\/posts"}],"about":[{"href":"https:\/\/www.brazilianpress.com\/v1\/wp-json\/wp\/v2\/types\/post"}],"author":[{"embeddable":true,"href":"https:\/\/www.brazilianpress.com\/v1\/wp-json\/wp\/v2\/users\/1"}],"replies":[{"embeddable":true,"href":"https:\/\/www.brazilianpress.com\/v1\/wp-json\/wp\/v2\/comments?post=58286"}],"version-history":[{"count":1,"href":"https:\/\/www.brazilianpress.com\/v1\/wp-json\/wp\/v2\/posts\/58286\/revisions"}],"predecessor-version":[{"id":58288,"href":"https:\/\/www.brazilianpress.com\/v1\/wp-json\/wp\/v2\/posts\/58286\/revisions\/58288"}],"wp:featuredmedia":[{"embeddable":true,"href":"https:\/\/www.brazilianpress.com\/v1\/wp-json\/wp\/v2\/media\/58287"}],"wp:attachment":[{"href":"https:\/\/www.brazilianpress.com\/v1\/wp-json\/wp\/v2\/media?parent=58286"}],"wp:term":[{"taxonomy":"category","embeddable":true,"href":"https:\/\/www.brazilianpress.com\/v1\/wp-json\/wp\/v2\/categories?post=58286"},{"taxonomy":"post_tag","embeddable":true,"href":"https:\/\/www.brazilianpress.com\/v1\/wp-json\/wp\/v2\/tags?post=58286"}],"curies":[{"name":"wp","href":"https:\/\/api.w.org\/{rel}","templated":true}]}}