{"id":58289,"date":"2024-07-25T15:35:04","date_gmt":"2024-07-25T19:35:04","guid":{"rendered":"https:\/\/www.brazilianpress.com\/v1\/?p=58289"},"modified":"2024-07-25T15:35:04","modified_gmt":"2024-07-25T19:35:04","slug":"franca-expulsa-sem-tetos-de-paris-antes-dos-jogos-olimpicos-para-embelezar-a-cidade","status":"publish","type":"post","link":"https:\/\/www.brazilianpress.com\/v1\/2024\/07\/25\/franca-expulsa-sem-tetos-de-paris-antes-dos-jogos-olimpicos-para-embelezar-a-cidade\/","title":{"rendered":"Fran\u00e7a expulsa sem-tetos de Paris antes dos Jogos Ol\u00edmpicos para embelezar a cidade"},"content":{"rendered":"<p><strong>A &#8220;p\u00e1tria dos direitos humanos&#8221; \u2014 como a Fran\u00e7a \u00e9 conhecida por ter feito a primeira declara\u00e7\u00e3o nesse tema durante a Revolu\u00e7\u00e3o Francesa, tamb\u00e9m expulsou milhares de moradores de rua para \u201cembelezar\u201d a cidade, como ocorreu em Olimp\u00edadas em outros pa\u00edses, criticam associa\u00e7\u00f5es.<\/strong><\/p>\n<p>Para a Olimp\u00edada de Paris, segundo a ONG O Reverso da Medalha, mais de 12,5 mil pessoas foram removidas, sobretudo na capital francesa e na Seine-Saint-Denis, regi\u00e3o ao norte de Paris onde fica a Vila Ol\u00edmpica, o centro aqu\u00e1tico e outros locais de competi\u00e7\u00e3o, como o Stade de France, onde haver\u00e1 provas de atletismo. As remo\u00e7\u00f5es foram alvos de protestos. O relator especial da Na\u00e7\u00f5es Unidas para direito \u00e0 moradia, Balakrishnan Rajagopal, questionou a Fran\u00e7a, em abril, sobre a situa\u00e7\u00e3o dos \u201cgrupos marginalizados.\u201d<\/p>\n<p>Ele afirmou, na rede social X, que \u201cas expuls\u00f5es para embelezar Paris antes dos Jogos s\u00e3o similares ao que a China e outros fizeram antes de grandes eventos. Como a Fran\u00e7a justifica isso?\u201d, questionou. As autoridades francesas negam que a retirada dos sem-teto, enviados para abrigos tempor\u00e1rios em outras cidades, tenha a ver com os Jogos Ol\u00edmpicos. \u201cN\u00e3o h\u00e1 faxina social\u201d, declarou a ministra dos Esportes e dos Jogos Ol\u00edmpicos de Paris, Am\u00e9lie Oud\u00e9a-Cast\u00e9ra. \u201cH\u00e1 uma pol\u00edtica de acomoda\u00e7\u00e3o de emerg\u00eancia que visa distribuir essas pessoas por todo o pa\u00eds. Opera\u00e7\u00f5es desse tipo s\u00e3o realizadas regularmente, isso n\u00e3o \u00e9 ditado pela agenda dos Jogos.\u201d<\/p>\n<p>As associa\u00e7\u00f5es, no entanto, ressaltam que o acesso de migrantes a acomoda\u00e7\u00f5es de emerg\u00eancia fora de Paris se tornou repentinamente mais f\u00e1cil. S\u00e3o pessoas que vivem em tendas ou sob pontes em algumas \u00e1reas de Paris, principalmente no norte da capital, e tamb\u00e9m \u00e0s margens do rio Sena. H\u00e1 muitos migrantes entre os sem-teto que vivem na capital. Seine-Saint-Denis, onde est\u00e3o os equipamentos ol\u00edmpicos, \u00e9 formada por munic\u00edpios pobres onde residem muitos imigrantes. A regi\u00e3o foi o epicentro da forte onda de viol\u00eancia que se alastrou pelos sub\u00farbios franceses em 2005.<\/p>\n<p>Nas proximidades da esta\u00e7\u00e3o de trem e metr\u00f4 Gare du Nord, \u00e1rea onde h\u00e1 muitos usu\u00e1rios de crack que pedem dinheiro pelo bairro, o 10\u00b0 distrito de Paris &#8211; uma regi\u00e3o central onde fica a pra\u00e7a de la R\u00e9publique &#8211; essa popula\u00e7\u00e3o ficou progressivamente bem menos vis\u00edvel nas \u00faltimas semanas. A secretaria de seguran\u00e7a p\u00fablica da capital j\u00e1 havia proibido no final do ano passado, por decreto, o reagrupamento de usu\u00e1rios de drogas nas ruas. Um levantamento realizado por grupos que prestam assist\u00eancia a moradores de rua, contabilizou quase 3,5 mil sem-teto apenas capital francesa, que tem cerca de 2 milh\u00f5es de habitantes.<\/p>\n<p>Esse n\u00famero tamb\u00e9m \u00e9 menor do que o total de remo\u00e7\u00f5es, porque o levantamento feito sobre as expuls\u00f5es das ruas leva em conta tamb\u00e9m as periferias de Paris e as pessoas que estavam em acampamentos e pr\u00e9dios ocupados irregularmente. A contagem, chamada de \u201cnoite de solidariedade\u201d \u00e9 uma iniciativa da Prefeitura de Paris, que pede a milhares de volunt\u00e1rios para percorrer a cidade, incluindo estacionamentos, metr\u00f4s e parques.<\/p>\n","protected":false},"excerpt":{"rendered":"<p>A &#8220;p\u00e1tria dos direitos humanos&#8221; \u2014 como a Fran\u00e7a \u00e9 conhecida por ter feito a primeira declara\u00e7\u00e3o nesse tema durante a Revolu\u00e7\u00e3o Francesa, tamb\u00e9m expulsou milhares de moradores de rua para \u201cembelezar\u201d a cidade, como ocorreu em Olimp\u00edadas em outros pa\u00edses, criticam associa\u00e7\u00f5es. Para a Olimp\u00edada de Paris, segundo a ONG O Reverso da Medalha, mais de 12,5 mil pessoas foram removidas, sobretudo na capital francesa e na Seine-Saint-Denis, regi\u00e3o ao norte de Paris onde fica a Vila Ol\u00edmpica, o centro aqu\u00e1tico e outros locais de competi\u00e7\u00e3o, como o Stade de France, onde haver\u00e1 provas de atletismo. As remo\u00e7\u00f5es foram [&hellip;]<\/p>\n","protected":false},"author":1,"featured_media":58290,"comment_status":"open","ping_status":"closed","sticky":false,"template":"","format":"standard","meta":{"_links_to":"","_links_to_target":""},"categories":[8,1],"tags":[],"views":773,"_links":{"self":[{"href":"https:\/\/www.brazilianpress.com\/v1\/wp-json\/wp\/v2\/posts\/58289"}],"collection":[{"href":"https:\/\/www.brazilianpress.com\/v1\/wp-json\/wp\/v2\/posts"}],"about":[{"href":"https:\/\/www.brazilianpress.com\/v1\/wp-json\/wp\/v2\/types\/post"}],"author":[{"embeddable":true,"href":"https:\/\/www.brazilianpress.com\/v1\/wp-json\/wp\/v2\/users\/1"}],"replies":[{"embeddable":true,"href":"https:\/\/www.brazilianpress.com\/v1\/wp-json\/wp\/v2\/comments?post=58289"}],"version-history":[{"count":1,"href":"https:\/\/www.brazilianpress.com\/v1\/wp-json\/wp\/v2\/posts\/58289\/revisions"}],"predecessor-version":[{"id":58291,"href":"https:\/\/www.brazilianpress.com\/v1\/wp-json\/wp\/v2\/posts\/58289\/revisions\/58291"}],"wp:featuredmedia":[{"embeddable":true,"href":"https:\/\/www.brazilianpress.com\/v1\/wp-json\/wp\/v2\/media\/58290"}],"wp:attachment":[{"href":"https:\/\/www.brazilianpress.com\/v1\/wp-json\/wp\/v2\/media?parent=58289"}],"wp:term":[{"taxonomy":"category","embeddable":true,"href":"https:\/\/www.brazilianpress.com\/v1\/wp-json\/wp\/v2\/categories?post=58289"},{"taxonomy":"post_tag","embeddable":true,"href":"https:\/\/www.brazilianpress.com\/v1\/wp-json\/wp\/v2\/tags?post=58289"}],"curies":[{"name":"wp","href":"https:\/\/api.w.org\/{rel}","templated":true}]}}