{"id":58346,"date":"2024-08-01T17:19:25","date_gmt":"2024-08-01T21:19:25","guid":{"rendered":"https:\/\/www.brazilianpress.com\/v1\/?p=58346"},"modified":"2024-08-01T17:19:25","modified_gmt":"2024-08-01T21:19:25","slug":"preso-nos-estados-unidos-brasileiro-e-denunciado-por-estupro-de-vulneravel-em-minas-gerais","status":"publish","type":"post","link":"https:\/\/www.brazilianpress.com\/v1\/2024\/08\/01\/preso-nos-estados-unidos-brasileiro-e-denunciado-por-estupro-de-vulneravel-em-minas-gerais\/","title":{"rendered":"Preso nos Estados Unidos, brasileiro \u00e9 denunciado por estupro de vulner\u00e1vel em Minas Gerais"},"content":{"rendered":"<p><strong>Um brasileiro de 23 anos foi preso nos Estados Unidos na ter\u00e7a-feira (23). Ele fugiu para os Estados Unidos ap\u00f3s ser denunciado pelo MP-MG (Minist\u00e9rio P\u00fablico de Minas Gerais) pelo estupro de uma adolescente de 13 anos. O brasileiro foi preso perto de sua casa em Framingham, no estado de Massachusetts, para onde fugiu ap\u00f3s ser denunciado por estuprar uma menor em Engenheiro Caldas, no Vale do Rio Doce (MG).<\/strong><\/p>\n<p>O crime aconteceu em 27 de maio de 2023. Segundo o Minist\u00e9rio P\u00fablico de Minas Gerais, o homem tamb\u00e9m responde por outro crime de estupro, praticado por duas vezes contra uma mesma mulher, em 2019 e 2020.<\/p>\n<p>O nome do denunciado foi mantido em sigilo pelas autoridades. O Minist\u00e9rio P\u00fablico projeta a deporta\u00e7\u00e3o do denunciado e avalia que o homem deve retornar ao Brasil para responder aos processos penais na Justi\u00e7a brasileira. No momento, permanece sob cust\u00f3dia em Boston.<\/p>\n<p>Homem j\u00e1 havia sido liberado pela pol\u00edcia da Patrulha da Fronteira, ap\u00f3s entrar ilegalmente nos Estados Unidos, o brasileiro foi detido em julho do ano passado no Arizona. Ele foi liberado dois dias depois com o compromisso de se apresentar a um juiz de imigra\u00e7\u00e3o do Departamento de Justi\u00e7a. O nome do brasileiro estava na Difus\u00e3o Vermelha. O promotor Jonas Junio Linhares Costa Monteiro, respons\u00e1vel pelo pedido de inclus\u00e3o do denunciado na lista, avalia que a pris\u00e3o &#8220;representa uma enorme vit\u00f3ria para a Justi\u00e7a e no combate \u00e0 impunidade e aos crimes sexuais&#8221;. A Difus\u00e3o Vermelha representa a possibilidade de pris\u00e3o da pessoa que se encontra em pa\u00eds estrangeiro e contra a qual existe mandado de pris\u00e3o expedido por autoridade brasileira.<\/p>\n","protected":false},"excerpt":{"rendered":"<p>Um brasileiro de 23 anos foi preso nos Estados Unidos na ter\u00e7a-feira (23). Ele fugiu para os Estados Unidos ap\u00f3s ser denunciado pelo MP-MG (Minist\u00e9rio P\u00fablico de Minas Gerais) pelo estupro de uma adolescente de 13 anos. O brasileiro foi preso perto de sua casa em Framingham, no estado de Massachusetts, para onde fugiu ap\u00f3s ser denunciado por estuprar uma menor em Engenheiro Caldas, no Vale do Rio Doce (MG). O crime aconteceu em 27 de maio de 2023. Segundo o Minist\u00e9rio P\u00fablico de Minas Gerais, o homem tamb\u00e9m responde por outro crime de estupro, praticado por duas vezes contra [&hellip;]<\/p>\n","protected":false},"author":1,"featured_media":58347,"comment_status":"open","ping_status":"closed","sticky":false,"template":"","format":"standard","meta":{"_links_to":"","_links_to_target":""},"categories":[4,3,1],"tags":[],"views":1126,"_links":{"self":[{"href":"https:\/\/www.brazilianpress.com\/v1\/wp-json\/wp\/v2\/posts\/58346"}],"collection":[{"href":"https:\/\/www.brazilianpress.com\/v1\/wp-json\/wp\/v2\/posts"}],"about":[{"href":"https:\/\/www.brazilianpress.com\/v1\/wp-json\/wp\/v2\/types\/post"}],"author":[{"embeddable":true,"href":"https:\/\/www.brazilianpress.com\/v1\/wp-json\/wp\/v2\/users\/1"}],"replies":[{"embeddable":true,"href":"https:\/\/www.brazilianpress.com\/v1\/wp-json\/wp\/v2\/comments?post=58346"}],"version-history":[{"count":1,"href":"https:\/\/www.brazilianpress.com\/v1\/wp-json\/wp\/v2\/posts\/58346\/revisions"}],"predecessor-version":[{"id":58348,"href":"https:\/\/www.brazilianpress.com\/v1\/wp-json\/wp\/v2\/posts\/58346\/revisions\/58348"}],"wp:featuredmedia":[{"embeddable":true,"href":"https:\/\/www.brazilianpress.com\/v1\/wp-json\/wp\/v2\/media\/58347"}],"wp:attachment":[{"href":"https:\/\/www.brazilianpress.com\/v1\/wp-json\/wp\/v2\/media?parent=58346"}],"wp:term":[{"taxonomy":"category","embeddable":true,"href":"https:\/\/www.brazilianpress.com\/v1\/wp-json\/wp\/v2\/categories?post=58346"},{"taxonomy":"post_tag","embeddable":true,"href":"https:\/\/www.brazilianpress.com\/v1\/wp-json\/wp\/v2\/tags?post=58346"}],"curies":[{"name":"wp","href":"https:\/\/api.w.org\/{rel}","templated":true}]}}