{"id":58433,"date":"2024-08-09T15:47:47","date_gmt":"2024-08-09T19:47:47","guid":{"rendered":"https:\/\/www.brazilianpress.com\/v1\/?p=58433"},"modified":"2024-08-09T15:47:47","modified_gmt":"2024-08-09T19:47:47","slug":"brasil-queda-de-aviao-proximo-a-campinas-sp-com-62-pessoas-a-bordo-nao-tem-sobreviventes-video","status":"publish","type":"post","link":"https:\/\/www.brazilianpress.com\/v1\/2024\/08\/09\/brasil-queda-de-aviao-proximo-a-campinas-sp-com-62-pessoas-a-bordo-nao-tem-sobreviventes-video\/","title":{"rendered":"Brasil: Queda de avi\u00e3o pr\u00f3ximo \u00e0 Campinas (SP), com 62 pessoas a bordo, n\u00e3o tem sobreviventes. V\u00cdDEO"},"content":{"rendered":"<p><strong>A queda do avi\u00e3o ATR-72 em Vinhedo (SP) nesta sexta-feira (9) n\u00e3o deixou sobreviventes. A informa\u00e7\u00e3o foi confirmada pela assessoria da prefeitura de Vinhedo. A aeronave saiu de Cascavel (PR) e tinha como destino a cidade de Guarulhos (SP). O avi\u00e3o transportava 62 pessoas, sendo 58 passageiros e quatro tripulantes.<\/strong><\/p>\n<p>Equipes do Corpo de Bombeiros, a Defesa Civil e a Pol\u00edcia Militar, assim como da prefeitura de Vinhedo e de cidades vizinhas foram mobilizadas para o combate ao fogo e resgate das v\u00edtimas. As prefeituras de Vinhedo e Valinhos confirmaram que n\u00e3o houve sobreviventes, entre os 62 passageiros da aeronave. O avi\u00e3o caiu em um jardim dentro de um condom\u00ednio de casas na cidade. Contudo, n\u00e3o houve v\u00edtimas em solo. <span style=\"color: #993300;\"><strong>Assista o momento da queda do avi\u00e3o:<\/strong><\/span><\/p>\n<blockquote class=\"twitter-tweet\" data-width=\"550\" data-dnt=\"true\">\n<p lang=\"pt\" dir=\"ltr\">Momento ASSUSTADOR onde avi\u00e3o que levava passageiros do Paran\u00e1 at\u00e9 S\u00e3o Paulo cai em Vinhedo.<\/p>\n<p>A aeronave suporta 68 passageiros, ainda n\u00e3o se sabe a quantidade de v\u00edtimas totais! <a href=\"https:\/\/t.co\/BFWCIZ9EUR\">pic.twitter.com\/BFWCIZ9EUR<\/a><\/p>\n<p>&mdash; POPTime (@siteptbr) <a href=\"https:\/\/twitter.com\/siteptbr\/status\/1821960079463346244?ref_src=twsrc%5Etfw\">August 9, 2024<\/a><\/p><\/blockquote>\n<p><script async src=\"https:\/\/platform.twitter.com\/widgets.js\" charset=\"utf-8\"><\/script><\/p>\n<p>As equipes que atuam no local confirmaram que as v\u00edtimas do acidente foram somente as que estavam no interior da aeronave. O governo de S\u00e3o Paulo afirmou que est\u00e1 enviando refor\u00e7os ao local. \u201cA Superintend\u00eancia da Pol\u00edcia T\u00e9cnico-Cient\u00edfica (SPTC), a Pol\u00edcia Civil e Militar est\u00e3o mobilizadas no resgate das v\u00edtimas. Equipes do Instituto M\u00e9dico Legal (IML) e os respons\u00e1veis pelo recolhimento de corpos tamb\u00e9m foram encaminhadas para refor\u00e7o nos trabalhos\u201d, disse o governo de SP.<\/p>\n<p><img src=\"https:\/\/s2-oglobo.glbimg.com\/2BVzpzexWBDQIEsVLAdhFH7t1lU=\/0x0:608x421\/888x0\/smart\/filters:strip_icc()\/i.s3.glbimg.com\/v1\/AUTH_da025474c0c44edd99332dddb09cabe8\/internal_photos\/bs\/2024\/V\/1\/WAQB2QTTqw44QM1xjSAg\/screenshot-2024-08-09t141219.382.png\" alt=\"\" \/><\/p>\n<p>O voo decolou de Cascavel (PR) \u00e0s 11h58 e tinha como destino a cidade de Guarulhos (SP). Trata-se de um avi\u00e3o turbo\u00e9lice de passageiros, modelo ATR-72. O presidente Lula (PT) lamentou a queda do avi\u00e3o durante um evento em Itaja\u00ed. Ele pediu um minuto de sil\u00eancio aos participantes.<\/p>\n","protected":false},"excerpt":{"rendered":"<p>A queda do avi\u00e3o ATR-72 em Vinhedo (SP) nesta sexta-feira (9) n\u00e3o deixou sobreviventes. A informa\u00e7\u00e3o foi confirmada pela assessoria da prefeitura de Vinhedo. A aeronave saiu de Cascavel (PR) e tinha como destino a cidade de Guarulhos (SP). O avi\u00e3o transportava 62 pessoas, sendo 58 passageiros e quatro tripulantes. Equipes do Corpo de Bombeiros, a Defesa Civil e a Pol\u00edcia Militar, assim como da prefeitura de Vinhedo e de cidades vizinhas foram mobilizadas para o combate ao fogo e resgate das v\u00edtimas. As prefeituras de Vinhedo e Valinhos confirmaram que n\u00e3o houve sobreviventes, entre os 62 passageiros da aeronave. [&hellip;]<\/p>\n","protected":false},"author":1,"featured_media":58434,"comment_status":"open","ping_status":"closed","sticky":false,"template":"","format":"standard","meta":{"_links_to":"","_links_to_target":""},"categories":[7,3,1],"tags":[],"views":1268,"_links":{"self":[{"href":"https:\/\/www.brazilianpress.com\/v1\/wp-json\/wp\/v2\/posts\/58433"}],"collection":[{"href":"https:\/\/www.brazilianpress.com\/v1\/wp-json\/wp\/v2\/posts"}],"about":[{"href":"https:\/\/www.brazilianpress.com\/v1\/wp-json\/wp\/v2\/types\/post"}],"author":[{"embeddable":true,"href":"https:\/\/www.brazilianpress.com\/v1\/wp-json\/wp\/v2\/users\/1"}],"replies":[{"embeddable":true,"href":"https:\/\/www.brazilianpress.com\/v1\/wp-json\/wp\/v2\/comments?post=58433"}],"version-history":[{"count":1,"href":"https:\/\/www.brazilianpress.com\/v1\/wp-json\/wp\/v2\/posts\/58433\/revisions"}],"predecessor-version":[{"id":58435,"href":"https:\/\/www.brazilianpress.com\/v1\/wp-json\/wp\/v2\/posts\/58433\/revisions\/58435"}],"wp:featuredmedia":[{"embeddable":true,"href":"https:\/\/www.brazilianpress.com\/v1\/wp-json\/wp\/v2\/media\/58434"}],"wp:attachment":[{"href":"https:\/\/www.brazilianpress.com\/v1\/wp-json\/wp\/v2\/media?parent=58433"}],"wp:term":[{"taxonomy":"category","embeddable":true,"href":"https:\/\/www.brazilianpress.com\/v1\/wp-json\/wp\/v2\/categories?post=58433"},{"taxonomy":"post_tag","embeddable":true,"href":"https:\/\/www.brazilianpress.com\/v1\/wp-json\/wp\/v2\/tags?post=58433"}],"curies":[{"name":"wp","href":"https:\/\/api.w.org\/{rel}","templated":true}]}}