{"id":58449,"date":"2024-08-13T11:11:02","date_gmt":"2024-08-13T15:11:02","guid":{"rendered":"https:\/\/www.brazilianpress.com\/v1\/?p=58449"},"modified":"2024-08-13T11:11:02","modified_gmt":"2024-08-13T15:11:02","slug":"trump-nyc-esta-sobrecarregada-pela-imigracao-ilegal-czar-da-fronteira-kamala-harris-e-a-responsavel","status":"publish","type":"post","link":"https:\/\/www.brazilianpress.com\/v1\/2024\/08\/13\/trump-nyc-esta-sobrecarregada-pela-imigracao-ilegal-czar-da-fronteira-kamala-harris-e-a-responsavel\/","title":{"rendered":"Trump: NYC est\u00e1 \u201csobrecarregada\u201d pela imigra\u00e7\u00e3o ilegal. \u201cCzar da fronteira\u201d Kamala Harris \u00e9 a respons\u00e1vel"},"content":{"rendered":"<p><strong>Donald Trump afirmou que a cidade de Nova York est\u00e1 \u201csobrecarregada\u201d pela migra\u00e7\u00e3o ilegal e culpou a \u201cczar da fronteira\u201d Kamala Harris pelo aumento de travessias n\u00e3o autorizadas na fronteira. Trump, durante sua longa conversa com o chefe da Tesla, Elon Musk, que durou mais de duas horas, reclamou extensivamente na noite de segunda-feira sobre o fluxo de imigrantes ilegais entrando nos EUA.<\/strong><\/p>\n<p>Ele inflou os n\u00fameros de migrantes que atravessam a fronteira, alegando falsamente que \u201cmilh\u00f5es de pessoas [are] chegando em um m\u00eas\u2019, e fez uma afirma\u00e7\u00e3o err\u00f4nea de que \u201922 assassinos vieram do Congo\u2019. O candidato republicano alegou repetidamente que outros pa\u00edses est\u00e3o \u201cesvaziando suas pris\u00f5es\u201d e enviando criminosos atrav\u00e9s da fronteira sul dos EUA, resultando em um aumento na criminalidade nos EUA.<\/p>\n<p><img src=\"https:\/\/d1i4t8bqe7zgj6.cloudfront.net\/08-13-2024\/t_078952cf521c430f9a1856726118c010_name_trump_musk.jpg\" alt=\"Elon Musk's interview with Trump delayed by technical issues\" \/><\/p>\n<p>Estudos mostram que imigrantes, incluindo aqueles que est\u00e3o ilegalmente nos EUA, n\u00e3o cometem crimes em taxas maiores do que americanos nativos. Donald Trump afirmou que a cidade de Nova York est\u00e1 \u201csobrecarregada\u201d pela migra\u00e7\u00e3o ilegal e culpou a \u201cczar da fronteira\u201d Kamala Harris pelo aumento de travessias de fronteira n\u00e3o autorizadas durante sua entrevista de segunda \u00e0 noite com Elon Musk. Ele \u00e9 retratado durante a entrevista.<\/p>\n<p>Trump criticou o hist\u00f3rico de imigra\u00e7\u00e3o da vice-presidente, alegando que ela havia sido a \u201cczar da fronteira\u201d de Biden e dizendo que ela supervisionou um grande aumento nas travessias n\u00e3o autorizadas ap\u00f3s ser colocada \u201cno comando\u201d da fronteira M\u00e9xico-EUA. Na foto: Kamala Harris em um evento de campanha em 8 de agosto Trump afirmou que a cidade de Nova York est\u00e1 \u201csobrecarregada\u201d com imigra\u00e7\u00e3o ilegal, citando um estupro e um esfaqueamento que ocorreram no fim de semana. \u201cEu vi isso hoje em Nova York, onde algu\u00e9m foi esfaqueado, onde estupraram a namorada de um homem que estava l\u00e1 assistindo em Nova York em um dos abrigos e come\u00e7aram a sacar as facas\u201d, ele disse a Musk.<\/p>\n<p>Trump estava se referindo a como uma mulher de 46 anos foi estuprada sob a amea\u00e7a de uma faca por um suposto migrante pr\u00f3ximo ao cal\u00e7ad\u00e3o de Coney Island no domingo, enquanto outra requerente de asilo lutava contra seu namorado de 34 anos. O ataque n\u00e3o provocado teria ocorrido do lado de fora de um hotel que abriga requerentes de asilo no domingo, por volta das 21h, e resultou na pris\u00e3o do suposto migrante nicaraguense David Davon-Bonilla, 24, e do mexicano Leovando Moreno, 37. Moreno teria atingido o namorado com um objeto n\u00e3o identificado, enquanto a mulher, que supostamente mora sob o cal\u00e7ad\u00e3o, teria sido violada por Davon-Bonilla. Moreno foi acusado de estupro de primeiro grau, agress\u00e3o de segundo grau, abuso sexual de primeiro grau, amea\u00e7a e porte criminoso de arma, enquanto seu c\u00famplice foi acusado de agress\u00e3o e porte criminoso de arma por se defender da v\u00edtima.<\/p>\n<p><span style=\"color: #800000;\"><strong><a href=\"https:\/\/telugustates.net\/mundo\/trump-disse-que-nyc-esta-sobrecarregada-pela-imigracao-ilegal-e-culpou-a-czar-da-fronteira-kamala-harris-antes-de-fazer-a-afirmacao-erronea-de-que-22-assassinos-vieram-do-congo-para-a-america\/7916\/\" target=\"_blank\" rel=\"noopener\"><span style=\"color: #ff0000;\">CLIQUE AQUI<\/span><\/a> para ler a mat\u00e9ria completa.<\/strong><\/span><\/p>\n","protected":false},"excerpt":{"rendered":"<p>Donald Trump afirmou que a cidade de Nova York est\u00e1 \u201csobrecarregada\u201d pela migra\u00e7\u00e3o ilegal e culpou a \u201cczar da fronteira\u201d Kamala Harris pelo aumento de travessias n\u00e3o autorizadas na fronteira. Trump, durante sua longa conversa com o chefe da Tesla, Elon Musk, que durou mais de duas horas, reclamou extensivamente na noite de segunda-feira sobre o fluxo de imigrantes ilegais entrando nos EUA. Ele inflou os n\u00fameros de migrantes que atravessam a fronteira, alegando falsamente que \u201cmilh\u00f5es de pessoas [are] chegando em um m\u00eas\u2019, e fez uma afirma\u00e7\u00e3o err\u00f4nea de que \u201922 assassinos vieram do Congo\u2019. O candidato republicano alegou [&hellip;]<\/p>\n","protected":false},"author":1,"featured_media":58450,"comment_status":"open","ping_status":"closed","sticky":false,"template":"","format":"standard","meta":{"_links_to":"","_links_to_target":""},"categories":[4,3,1],"tags":[],"views":1260,"_links":{"self":[{"href":"https:\/\/www.brazilianpress.com\/v1\/wp-json\/wp\/v2\/posts\/58449"}],"collection":[{"href":"https:\/\/www.brazilianpress.com\/v1\/wp-json\/wp\/v2\/posts"}],"about":[{"href":"https:\/\/www.brazilianpress.com\/v1\/wp-json\/wp\/v2\/types\/post"}],"author":[{"embeddable":true,"href":"https:\/\/www.brazilianpress.com\/v1\/wp-json\/wp\/v2\/users\/1"}],"replies":[{"embeddable":true,"href":"https:\/\/www.brazilianpress.com\/v1\/wp-json\/wp\/v2\/comments?post=58449"}],"version-history":[{"count":1,"href":"https:\/\/www.brazilianpress.com\/v1\/wp-json\/wp\/v2\/posts\/58449\/revisions"}],"predecessor-version":[{"id":58451,"href":"https:\/\/www.brazilianpress.com\/v1\/wp-json\/wp\/v2\/posts\/58449\/revisions\/58451"}],"wp:featuredmedia":[{"embeddable":true,"href":"https:\/\/www.brazilianpress.com\/v1\/wp-json\/wp\/v2\/media\/58450"}],"wp:attachment":[{"href":"https:\/\/www.brazilianpress.com\/v1\/wp-json\/wp\/v2\/media?parent=58449"}],"wp:term":[{"taxonomy":"category","embeddable":true,"href":"https:\/\/www.brazilianpress.com\/v1\/wp-json\/wp\/v2\/categories?post=58449"},{"taxonomy":"post_tag","embeddable":true,"href":"https:\/\/www.brazilianpress.com\/v1\/wp-json\/wp\/v2\/tags?post=58449"}],"curies":[{"name":"wp","href":"https:\/\/api.w.org\/{rel}","templated":true}]}}