{"id":58458,"date":"2024-08-14T19:06:49","date_gmt":"2024-08-14T23:06:49","guid":{"rendered":"https:\/\/www.brazilianpress.com\/v1\/?p=58458"},"modified":"2024-08-14T19:06:49","modified_gmt":"2024-08-14T23:06:49","slug":"portugal-cada-vez-mais-brasileiros-estao-pedindo-ajuda-para-retornar-ao-brasil","status":"publish","type":"post","link":"https:\/\/www.brazilianpress.com\/v1\/2024\/08\/14\/portugal-cada-vez-mais-brasileiros-estao-pedindo-ajuda-para-retornar-ao-brasil\/","title":{"rendered":"Portugal: Cada vez mais brasileiros est\u00e3o pedindo ajuda para retornar ao Brasil"},"content":{"rendered":"<p><strong>Como muitos brasileiros, o maranhense Silas Silva Mello, de 32 anos, tomou a decis\u00e3o de se mudar para Portugal em abril de 2022. Formado em Marketing, Silas esperava encontrar uma vida melhor na Europa e enviar dinheiro para o Brasil, aproveitando a valoriza\u00e7\u00e3o do euro. O objetivo era ajudar suas duas irm\u00e3s e quitar as presta\u00e7\u00f5es de um apartamento em S\u00e3o Paulo.<\/strong><\/p>\n<p>No entanto, a realidade foi bem diferente. Logo ap\u00f3s a chegada, Silas enfrentou uma s\u00e9rie de dificuldades, incluindo a falta de moradia e alugu\u00e9is exorbitantes. Para agravar a situa\u00e7\u00e3o, ele teve que desembolsar uma cau\u00e7\u00e3o de 3 mil euros, valor que ele n\u00e3o possu\u00eda. Com isso, Silas teve que morar em um albergue por certo tempo at\u00e9 conseguir uma vaga num quarto por indica\u00e7\u00e3o de amigos, mas j\u00e1 estava quase sem recursos financeiros.<\/p>\n<p>Silas deixou Portugal em dezembro do mesmo ano e hoje trabalha como fot\u00f3grafo em S\u00e3o Paulo. Ele retornou ao Brasil pelo Programa Retorno Volunt\u00e1rio, que oferece assist\u00eancia a imigrantes que desejam voltar ao seu pa\u00eds de origem. Programas similares est\u00e3o dispon\u00edveis em outros pa\u00edses, como B\u00e9lgica, Espanha e Irlanda, onde h\u00e1 parcerias com a OIM (Ag\u00eancia da ONU para as Migra\u00e7\u00f5es).<\/p>\n<p>Muitos brasileiros, como Lucas Ferreira, de 37 anos, buscam ajuda atrav\u00e9s do programa da Organiza\u00e7\u00e3o Mundial para Migra\u00e7\u00f5es da ONU\u00a0para retornar ao Brasil ap\u00f3s viverem certas dificuldades no exterior. Lucas imigrou para Portugal em 2018, onde trabalhou como barbeiro na vila da Moita.<\/p>\n<p>Al\u00e9m dos pa\u00edses europeus, programas de retorno volunt\u00e1rio tamb\u00e9m est\u00e3o dispon\u00edveis em outras na\u00e7\u00f5es, incluindo Austr\u00e1lia, Costa Rica, Jap\u00e3o, Marrocos, M\u00e9xico e Uruguai. Desde 2016, 1.316 brasileiros receberam apoio financeiro da OIM para recome\u00e7ar em seus respectivos estados de origem, como Goi\u00e1s, Minas Gerais e S\u00e3o Paulo. Em 2023, a OIM apoiou o retorno de 1.661 brasileiros, mais que o triplo do total de 2016.<\/p>\n<p>Em pa\u00edses como Portugal, Irlanda e B\u00e9lgica, os brasileiros lideram pedidos de retorno volunt\u00e1rio. Em Portugal, 80% das solicita\u00e7\u00f5es s\u00e3o de brasileiros, principalmente devido ao desemprego, acesso dif\u00edcil ao mercado de trabalho e problemas de regulariza\u00e7\u00e3o.<\/p>\n<p>Na Irlanda, onde os brasileiros representam apenas 4% dos imigrantes, 44% dos pedidos de retorno em 2023 foram feitos por brasileiros. Na B\u00e9lgica, eles s\u00e3o respons\u00e1veis por 43% dos pedidos de retorno.<\/p>\n<p>No Reino Unido, a comunidade brasileira ficou em terceiro lugar entre as nacionalidades que mais solicitaram o programa de retorno. Na Espanha, brasileiros compuseram 8,4% dos pedidos, e na Alemanha, os pedidos foram m\u00ednimos, com apenas 17 solicita\u00e7\u00f5es em 2023. Retornar ao Brasil n\u00e3o \u00e9 mais visto como fracasso, mas como uma etapa natural no processo migrat\u00f3rio, segundo o professor Leonardo Cavalcanti da UnB.<\/p>\n<p>Muitas vezes, o retorno ao Brasil traz novas oportunidades, mesmo para aqueles que n\u00e3o conseguiram empregos qualificados no exterior. A bagagem cultural e o conhecimento de mundo adquiridos representam um diferencial importante. A experi\u00eancia internacional pode abrir novas perspectivas profissionais e pessoais, contribuindo para o desenvolvimento nacional.<\/p>\n","protected":false},"excerpt":{"rendered":"<p>Como muitos brasileiros, o maranhense Silas Silva Mello, de 32 anos, tomou a decis\u00e3o de se mudar para Portugal em abril de 2022. Formado em Marketing, Silas esperava encontrar uma vida melhor na Europa e enviar dinheiro para o Brasil, aproveitando a valoriza\u00e7\u00e3o do euro. O objetivo era ajudar suas duas irm\u00e3s e quitar as presta\u00e7\u00f5es de um apartamento em S\u00e3o Paulo. No entanto, a realidade foi bem diferente. Logo ap\u00f3s a chegada, Silas enfrentou uma s\u00e9rie de dificuldades, incluindo a falta de moradia e alugu\u00e9is exorbitantes. Para agravar a situa\u00e7\u00e3o, ele teve que desembolsar uma cau\u00e7\u00e3o de 3 mil [&hellip;]<\/p>\n","protected":false},"author":1,"featured_media":58459,"comment_status":"open","ping_status":"closed","sticky":false,"template":"","format":"standard","meta":{"_links_to":"","_links_to_target":""},"categories":[3,8,1],"tags":[],"views":1494,"_links":{"self":[{"href":"https:\/\/www.brazilianpress.com\/v1\/wp-json\/wp\/v2\/posts\/58458"}],"collection":[{"href":"https:\/\/www.brazilianpress.com\/v1\/wp-json\/wp\/v2\/posts"}],"about":[{"href":"https:\/\/www.brazilianpress.com\/v1\/wp-json\/wp\/v2\/types\/post"}],"author":[{"embeddable":true,"href":"https:\/\/www.brazilianpress.com\/v1\/wp-json\/wp\/v2\/users\/1"}],"replies":[{"embeddable":true,"href":"https:\/\/www.brazilianpress.com\/v1\/wp-json\/wp\/v2\/comments?post=58458"}],"version-history":[{"count":1,"href":"https:\/\/www.brazilianpress.com\/v1\/wp-json\/wp\/v2\/posts\/58458\/revisions"}],"predecessor-version":[{"id":58460,"href":"https:\/\/www.brazilianpress.com\/v1\/wp-json\/wp\/v2\/posts\/58458\/revisions\/58460"}],"wp:featuredmedia":[{"embeddable":true,"href":"https:\/\/www.brazilianpress.com\/v1\/wp-json\/wp\/v2\/media\/58459"}],"wp:attachment":[{"href":"https:\/\/www.brazilianpress.com\/v1\/wp-json\/wp\/v2\/media?parent=58458"}],"wp:term":[{"taxonomy":"category","embeddable":true,"href":"https:\/\/www.brazilianpress.com\/v1\/wp-json\/wp\/v2\/categories?post=58458"},{"taxonomy":"post_tag","embeddable":true,"href":"https:\/\/www.brazilianpress.com\/v1\/wp-json\/wp\/v2\/tags?post=58458"}],"curies":[{"name":"wp","href":"https:\/\/api.w.org\/{rel}","templated":true}]}}