{"id":58484,"date":"2024-08-20T10:45:34","date_gmt":"2024-08-20T14:45:34","guid":{"rendered":"https:\/\/www.brazilianpress.com\/v1\/?p=58484"},"modified":"2024-08-20T10:45:34","modified_gmt":"2024-08-20T14:45:34","slug":"cooperacao-panama-deporta-primeiro-grupo-de-imigrantes-com-antecedentes-criminais-segundo-os-eua","status":"publish","type":"post","link":"https:\/\/www.brazilianpress.com\/v1\/2024\/08\/20\/cooperacao-panama-deporta-primeiro-grupo-de-imigrantes-com-antecedentes-criminais-segundo-os-eua\/","title":{"rendered":"Coopera\u00e7\u00e3o: Panam\u00e1 deporta primeiro grupo de imigrantes com antecedentes criminais, segundo os EUA"},"content":{"rendered":"<p><strong>O Panam\u00e1 deportou nesta ter\u00e7a-feira, 20 de agosto, 29 colombianos com antecedentes criminais que ingressaram no pa\u00eds pela in\u00f3spita selva de Dari\u00e9n, localizada na fronteira entre a Col\u00f4mbia e o Panam\u00e1, ao aplicar pela primeira vez um acordo sobre migra\u00e7\u00e3o assinado com os Estados Unidos em julho.<\/strong><\/p>\n<p>\u2014 Temos o primeiro voo do conv\u00eanio financiado pelos Estados Unidos \u2014 disse \u00e0 imprensa o vice-ministro panamenho de Seguran\u00e7a, Luis Felipe Icaza, acompanhado por funcion\u00e1rios americanos, assim que decolou, ao amanhecer, o voo fretado com os 29 deportados rumo a Bogot\u00e1.<\/p>\n<p><img src=\"https:\/\/s2-oglobo.glbimg.com\/0Ae3UShz1qxiCHJFFnSvn0bS_1c=\/0x0:1200x800\/984x0\/smart\/filters:strip_icc()\/i.s3.glbimg.com\/v1\/AUTH_da025474c0c44edd99332dddb09cabe8\/internal_photos\/bs\/2024\/p\/U\/w7BRqIQqCaeh57chl07A\/afp-20240820-36eh4l9-v1-preview-panamacolombiausmigrationdeportation.jpg\" alt=\"Migrantes colombianos com m\u00e3os e p\u00e9s algemados fazem fila na lateral da pista do aeroporto Albrook Gelabert, na Cidade do Panam\u00e1, em 20 de agosto de 2024, antes de sua deporta\u00e7\u00e3o \u2014 Foto: ARNULFO FRANCO\/AFP\" \/><\/p>\n<p>Antes de embarcar no avi\u00e3o Fokker 50, o grupo formou uma fila na lateral da pista e cada um foi verificado com detectores de metais. Os 29 deportados, que n\u00e3o transportavam bagagem, foram algemados nos p\u00e9s e m\u00e3os, por isso subiram lentamente as escadas do avi\u00e3o. Icaza disse que &#8220;na sexta-feira ou no s\u00e1bado&#8221; o pr\u00f3ximo voo poder\u00e1 partir no \u00e2mbito do memorando que o Panam\u00e1 assinou com os EUA em 1\u00ba de julho, dia em que Jos\u00e9 Ra\u00fal Mulino tomou posse como novo presidente. Com o acordo, Washington comprometeu-se a financiar com US$ 6 milh\u00f5es (R$ 32,5 milh\u00f5es) a deporta\u00e7\u00e3o e expuls\u00e3o do pa\u00eds centro-americano dos migrantes que atravessam Dari\u00e9n.<\/p>\n<p><img src=\"https:\/\/s2-oglobo.glbimg.com\/S7VbXCGZZbI61fLQCFei1TqGE7M=\/0x0:1200x800\/888x0\/smart\/filters:strip_icc()\/i.s3.glbimg.com\/v1\/AUTH_da025474c0c44edd99332dddb09cabe8\/internal_photos\/bs\/2024\/h\/I\/9MQ062TyOgVmOpy4xfMw\/afp-20240820-36eh4lc-v1-preview-panamacolombiausmigrationdeportation.jpg\" alt=\"Um migrante colombiano, com as m\u00e3os e os p\u00e9s algemados, sobe em um avi\u00e3o no aeroporto Albrook Gelabert, na Cidade do Panam\u00e1, em 20 de agosto de 2024, durante sua deporta\u00e7\u00e3o\" \/><\/p>\n<p>Na primeira fase, ser\u00e3o deportados migrantes com antecedentes criminais, mas o acordo contempla a deporta\u00e7\u00e3o de qualquer pessoa que entre no Panam\u00e1 pela selva de Dari\u00e9n e esteja a caminho dos EUA. \u2014 O memorando abrange qualquer pessoa, n\u00e3o apenas os criminosos \u2014 disse a respons\u00e1vel de Seguran\u00e7a Interna dos Estados Unidos na Am\u00e9rica Central, Marlene Pi\u00f1eiro, que testemunhou o processo de deporta\u00e7\u00e3o juntamente com outras autoridades americanas e panamenhas. Este \u00e9 o primeiro grupo de migrantes deportados sob o acordo, embora o Panam\u00e1 tenha enviado pelo menos alguns voos charter para a Col\u00f4mbia no in\u00edcio deste ano, que transportavam cidad\u00e3os desse pa\u00eds com antecedentes criminais.<\/p>\n<p><strong>Sem voos para a Venezuela<\/strong><\/p>\n<p>A selva de Dari\u00e9n, com 266 km de extens\u00e3o e 575 mil hectares de superf\u00edcie, tornou-se nos \u00faltimos anos um corredor para migrantes da Am\u00e9rica do Sul que tentam chegar aos Estados Unidos. Mais de 520 mil pessoas, a maioria venezuelanos, atravessaram o local em 2023. Este ano, mais de 230 mil fizeram a travessia, segundo dados oficiais panamenhos. \u2014 A frequ\u00eancia desses voos depender\u00e1 muito dos fluxos [de migrantes] e da documenta\u00e7\u00e3o [contatos com os pa\u00edses de destino] \u2014 disse o diretor de Migra\u00e7\u00e3o do Panam\u00e1, Roger Mojica.<\/p>\n<p>O respons\u00e1vel esclareceu que por enquanto n\u00e3o \u00e9 poss\u00edvel enviar deportados para a Venezuela, pa\u00eds de onde prov\u00e9m mais de 60% dos migrantes que atravessam o Dari\u00e9n, devido \u00e0 crise diplom\u00e1tica entre Panam\u00e1 e Caracas ap\u00f3s a questionada reelei\u00e7\u00e3o do presidente Nicol\u00e1s Maduro. \u2014 Estamos impedidos de fazer qualquer movimento para a Venezuela \u2014 disse Mojica, aludindo ao fato de Caracas ter proibido, alguns dias depois das elei\u00e7\u00f5es de 28 de julho, a entrada de todos os avi\u00f5es panamenhos em seu espa\u00e7o a\u00e9reo.<\/p>\n<p>\/\/ Fonte: O Globo \/ A.F.P<\/p>\n","protected":false},"excerpt":{"rendered":"<p>O Panam\u00e1 deportou nesta ter\u00e7a-feira, 20 de agosto, 29 colombianos com antecedentes criminais que ingressaram no pa\u00eds pela in\u00f3spita selva de Dari\u00e9n, localizada na fronteira entre a Col\u00f4mbia e o Panam\u00e1, ao aplicar pela primeira vez um acordo sobre migra\u00e7\u00e3o assinado com os Estados Unidos em julho. \u2014 Temos o primeiro voo do conv\u00eanio financiado pelos Estados Unidos \u2014 disse \u00e0 imprensa o vice-ministro panamenho de Seguran\u00e7a, Luis Felipe Icaza, acompanhado por funcion\u00e1rios americanos, assim que decolou, ao amanhecer, o voo fretado com os 29 deportados rumo a Bogot\u00e1. Antes de embarcar no avi\u00e3o Fokker 50, o grupo formou uma [&hellip;]<\/p>\n","protected":false},"author":1,"featured_media":58485,"comment_status":"open","ping_status":"closed","sticky":false,"template":"","format":"standard","meta":{"_links_to":"","_links_to_target":""},"categories":[3,8,1],"tags":[],"views":994,"_links":{"self":[{"href":"https:\/\/www.brazilianpress.com\/v1\/wp-json\/wp\/v2\/posts\/58484"}],"collection":[{"href":"https:\/\/www.brazilianpress.com\/v1\/wp-json\/wp\/v2\/posts"}],"about":[{"href":"https:\/\/www.brazilianpress.com\/v1\/wp-json\/wp\/v2\/types\/post"}],"author":[{"embeddable":true,"href":"https:\/\/www.brazilianpress.com\/v1\/wp-json\/wp\/v2\/users\/1"}],"replies":[{"embeddable":true,"href":"https:\/\/www.brazilianpress.com\/v1\/wp-json\/wp\/v2\/comments?post=58484"}],"version-history":[{"count":1,"href":"https:\/\/www.brazilianpress.com\/v1\/wp-json\/wp\/v2\/posts\/58484\/revisions"}],"predecessor-version":[{"id":58486,"href":"https:\/\/www.brazilianpress.com\/v1\/wp-json\/wp\/v2\/posts\/58484\/revisions\/58486"}],"wp:featuredmedia":[{"embeddable":true,"href":"https:\/\/www.brazilianpress.com\/v1\/wp-json\/wp\/v2\/media\/58485"}],"wp:attachment":[{"href":"https:\/\/www.brazilianpress.com\/v1\/wp-json\/wp\/v2\/media?parent=58484"}],"wp:term":[{"taxonomy":"category","embeddable":true,"href":"https:\/\/www.brazilianpress.com\/v1\/wp-json\/wp\/v2\/categories?post=58484"},{"taxonomy":"post_tag","embeddable":true,"href":"https:\/\/www.brazilianpress.com\/v1\/wp-json\/wp\/v2\/tags?post=58484"}],"curies":[{"name":"wp","href":"https:\/\/api.w.org\/{rel}","templated":true}]}}