{"id":58487,"date":"2024-08-20T17:44:58","date_gmt":"2024-08-20T21:44:58","guid":{"rendered":"https:\/\/www.brazilianpress.com\/v1\/?p=58487"},"modified":"2024-08-20T17:44:58","modified_gmt":"2024-08-20T21:44:58","slug":"brasileira-e-assassinada-pelo-namorado-em-portugal-suspeito-teria-sofrido-um-surto-psicotico","status":"publish","type":"post","link":"https:\/\/www.brazilianpress.com\/v1\/2024\/08\/20\/brasileira-e-assassinada-pelo-namorado-em-portugal-suspeito-teria-sofrido-um-surto-psicotico\/","title":{"rendered":"Brasileira \u00e9 assassinada pelo namorado em Portugal. Suspeito teria sofrido um &#8220;surto psic\u00f3tico&#8221;"},"content":{"rendered":"<p><strong>Ivone Silveira, uma brasileira de 49 anos, foi assassinada por seu companheiro Eduardo em Portugal, justamente no dia em que o casal completava dois anos de relacionamento. A identidade de Ivone foi confirmada ao Portugal Giro por uma fonte da Pol\u00edcia Judici\u00e1ria (PJ), que conduziu a investiga\u00e7\u00e3o. As informa\u00e7\u00f5es s\u00e3o do jornal O Globo.<\/strong><\/p>\n<p>O crime ocorreu no \u00faltimo dia 12, quando o casal estava na vila de Carvoeiro, no Algarve, regi\u00e3o de praias tur\u00edsticas em Portugal. Eduardo, de 64 anos, atacou Ivone com um bast\u00e3o de ferro, desferindo golpes em sua cabe\u00e7a, e a esfaqueou m\u00faltiplas vezes no peito e no pesco\u00e7o. Ap\u00f3s cometer o crime, ele fugiu em seu carro, tirando a pr\u00f3pria vida logo em seguida. O corpo de Eduardo foi encontrado no dia 16, junto a um bilhete em que confessava o homic\u00eddio.<\/p>\n<p><strong>V\u00edtima ia se separar no dia do crime<\/strong><\/p>\n<p>A pol\u00edcia acredita que Ivone planejava se separar de Eduardo no dia do crime, j\u00e1 que seus pertences estavam prontos para uma poss\u00edvel partida. Ela j\u00e1 havia registrado uma queixa contra ele anteriormente. Vizinhos, que ficaram chocados com o ocorrido, afirmaram que Eduardo dan\u00e7ou e gritou com um biqu\u00edni da v\u00edtima na varanda do apartamento. Testemunhas sugerem que ele pode ter sofrido um surto psic\u00f3tico, uma vez que j\u00e1 havia sido internado para tratamento psiqui\u00e1trico no passado. Com cidadania portuguesa, a brasileira \u00e9 a 15\u00aa v\u00edtima de viol\u00eancia dom\u00e9stica este ano em Portugal.<\/p>\n","protected":false},"excerpt":{"rendered":"<p>Ivone Silveira, uma brasileira de 49 anos, foi assassinada por seu companheiro Eduardo em Portugal, justamente no dia em que o casal completava dois anos de relacionamento. A identidade de Ivone foi confirmada ao Portugal Giro por uma fonte da Pol\u00edcia Judici\u00e1ria (PJ), que conduziu a investiga\u00e7\u00e3o. As informa\u00e7\u00f5es s\u00e3o do jornal O Globo. O crime ocorreu no \u00faltimo dia 12, quando o casal estava na vila de Carvoeiro, no Algarve, regi\u00e3o de praias tur\u00edsticas em Portugal. Eduardo, de 64 anos, atacou Ivone com um bast\u00e3o de ferro, desferindo golpes em sua cabe\u00e7a, e a esfaqueou m\u00faltiplas vezes no peito [&hellip;]<\/p>\n","protected":false},"author":1,"featured_media":58488,"comment_status":"open","ping_status":"closed","sticky":false,"template":"","format":"standard","meta":{"_links_to":"","_links_to_target":""},"categories":[3,8,1],"tags":[],"views":1354,"_links":{"self":[{"href":"https:\/\/www.brazilianpress.com\/v1\/wp-json\/wp\/v2\/posts\/58487"}],"collection":[{"href":"https:\/\/www.brazilianpress.com\/v1\/wp-json\/wp\/v2\/posts"}],"about":[{"href":"https:\/\/www.brazilianpress.com\/v1\/wp-json\/wp\/v2\/types\/post"}],"author":[{"embeddable":true,"href":"https:\/\/www.brazilianpress.com\/v1\/wp-json\/wp\/v2\/users\/1"}],"replies":[{"embeddable":true,"href":"https:\/\/www.brazilianpress.com\/v1\/wp-json\/wp\/v2\/comments?post=58487"}],"version-history":[{"count":1,"href":"https:\/\/www.brazilianpress.com\/v1\/wp-json\/wp\/v2\/posts\/58487\/revisions"}],"predecessor-version":[{"id":58489,"href":"https:\/\/www.brazilianpress.com\/v1\/wp-json\/wp\/v2\/posts\/58487\/revisions\/58489"}],"wp:featuredmedia":[{"embeddable":true,"href":"https:\/\/www.brazilianpress.com\/v1\/wp-json\/wp\/v2\/media\/58488"}],"wp:attachment":[{"href":"https:\/\/www.brazilianpress.com\/v1\/wp-json\/wp\/v2\/media?parent=58487"}],"wp:term":[{"taxonomy":"category","embeddable":true,"href":"https:\/\/www.brazilianpress.com\/v1\/wp-json\/wp\/v2\/categories?post=58487"},{"taxonomy":"post_tag","embeddable":true,"href":"https:\/\/www.brazilianpress.com\/v1\/wp-json\/wp\/v2\/tags?post=58487"}],"curies":[{"name":"wp","href":"https:\/\/api.w.org\/{rel}","templated":true}]}}