{"id":58497,"date":"2024-08-21T10:42:44","date_gmt":"2024-08-21T14:42:44","guid":{"rendered":"https:\/\/www.brazilianpress.com\/v1\/?p=58497"},"modified":"2024-08-21T10:42:44","modified_gmt":"2024-08-21T14:42:44","slug":"social-press-21-08-2024","status":"publish","type":"post","link":"https:\/\/www.brazilianpress.com\/v1\/2024\/08\/21\/social-press-21-08-2024\/","title":{"rendered":"Social Press . 21\/08\/2024"},"content":{"rendered":"<p><strong><em>A fam\u00edlia Barbosa e Moraes comemorando o niver de Marlene, juntinhos passeando em NY, Parab\u00e9ns Marlene<\/em><\/strong><\/p>\n<p><strong><em><img loading=\"lazy\" class=\"alignnone size-full wp-image-58491\" src=\"https:\/\/www.brazilianpress.com\/v1\/wp-content\/uploads\/2024\/08\/Foto-2-Quem-comemorou-mais-uma-primavera.jpeg\" alt=\"\" width=\"700\" height=\"872\" srcset=\"https:\/\/www.brazilianpress.com\/v1\/wp-content\/uploads\/2024\/08\/Foto-2-Quem-comemorou-mais-uma-primavera.jpeg 700w, https:\/\/www.brazilianpress.com\/v1\/wp-content\/uploads\/2024\/08\/Foto-2-Quem-comemorou-mais-uma-primavera-241x300.jpeg 241w\" sizes=\"(max-width: 700px) 100vw, 700px\" \/><br \/>\nQuem comemorou mais uma primavera foi nossa querida amiga Nathalia Canet, happy birthday!<\/em><\/strong><\/p>\n<p><strong><em><img loading=\"lazy\" class=\"alignnone size-full wp-image-58493\" src=\"https:\/\/www.brazilianpress.com\/v1\/wp-content\/uploads\/2024\/08\/Foto-2-Part-Time-no-cozy-bar.jpeg\" alt=\"\" width=\"700\" height=\"548\" srcset=\"https:\/\/www.brazilianpress.com\/v1\/wp-content\/uploads\/2024\/08\/Foto-2-Part-Time-no-cozy-bar.jpeg 700w, https:\/\/www.brazilianpress.com\/v1\/wp-content\/uploads\/2024\/08\/Foto-2-Part-Time-no-cozy-bar-300x235.jpeg 300w\" sizes=\"(max-width: 700px) 100vw, 700px\" \/><br \/>\nParty time, no Cozy Bar, gente jovem e bonita celebrando o niver da Curitibana , a bela ruiva Gabi, na foto com o pr\u00edncipe de \u00c9bano, de Sampa, our brother Victor e a paulistinha, Karina , trio classe A, no atendimento, aos clientes e amigos do Cozy Bar na Ferry street. Happy birthday Gabi.<\/em><\/strong><\/p>\n<p><strong><em><img loading=\"lazy\" class=\"alignnone size-full wp-image-58494\" src=\"https:\/\/www.brazilianpress.com\/v1\/wp-content\/uploads\/2024\/08\/Foto-3-Happy-birthday-a-maravilhosa-.jpeg\" alt=\"\" width=\"696\" height=\"900\" srcset=\"https:\/\/www.brazilianpress.com\/v1\/wp-content\/uploads\/2024\/08\/Foto-3-Happy-birthday-a-maravilhosa-.jpeg 696w, https:\/\/www.brazilianpress.com\/v1\/wp-content\/uploads\/2024\/08\/Foto-3-Happy-birthday-a-maravilhosa--232x300.jpeg 232w\" sizes=\"(max-width: 696px) 100vw, 696px\" \/><br \/>\nHappy birthday a maravilhosa costureira e fashionista Maria Edi. Organizadora do grupo Viva Vida, que apoia sobreviventes do cancer que comemorou seu anivers\u00e1rio com muita eleg\u00e2ncia no Maturo Bar.<\/em><\/strong><\/p>\n<p><strong><em><img loading=\"lazy\" class=\"alignnone size-full wp-image-58495\" src=\"https:\/\/www.brazilianpress.com\/v1\/wp-content\/uploads\/2024\/08\/foto-5-Saudacoes-a-nossa-grande-amiga-Catarina-Fernandes.jpg\" alt=\"\" width=\"700\" height=\"566\" srcset=\"https:\/\/www.brazilianpress.com\/v1\/wp-content\/uploads\/2024\/08\/foto-5-Saudacoes-a-nossa-grande-amiga-Catarina-Fernandes.jpg 700w, https:\/\/www.brazilianpress.com\/v1\/wp-content\/uploads\/2024\/08\/foto-5-Saudacoes-a-nossa-grande-amiga-Catarina-Fernandes-300x243.jpg 300w\" sizes=\"(max-width: 700px) 100vw, 700px\" \/><br \/>\nSauda\u00e7\u00f5es a nossa grande amiga Catarina Fernandes e seu esposo dois grandes volunt\u00e1rios nos servi\u00e7os sociais em nossa comunidade. Keep Up the good work.<\/em><\/strong><\/p>\n<p><strong><em><img loading=\"lazy\" class=\"alignnone size-full wp-image-58496\" src=\"https:\/\/www.brazilianpress.com\/v1\/wp-content\/uploads\/2024\/08\/Foto-6-O-casal-Brena-Falcao-e-Raul.jpg\" alt=\"\" width=\"700\" height=\"521\" srcset=\"https:\/\/www.brazilianpress.com\/v1\/wp-content\/uploads\/2024\/08\/Foto-6-O-casal-Brena-Falcao-e-Raul.jpg 700w, https:\/\/www.brazilianpress.com\/v1\/wp-content\/uploads\/2024\/08\/Foto-6-O-casal-Brena-Falcao-e-Raul-300x223.jpg 300w, https:\/\/www.brazilianpress.com\/v1\/wp-content\/uploads\/2024\/08\/Foto-6-O-casal-Brena-Falcao-e-Raul-180x135.jpg 180w\" sizes=\"(max-width: 700px) 100vw, 700px\" \/><br \/>\nO casal Brenna Falc\u00e3o e Raul receberam com muita alegria a ben\u00e7\u00e3o de Deus com a chegada da primogenita, parab\u00e9ns, e votos de muita sa\u00fade a toda fam\u00edlia.<\/em><\/strong><\/p>\n","protected":false},"excerpt":{"rendered":"<p>A fam\u00edlia Barbosa e Moraes comemorando o niver de Marlene, juntinhos passeando em NY, Parab\u00e9ns Marlene Quem comemorou mais uma primavera foi nossa querida amiga Nathalia Canet, happy birthday! Party time, no Cozy Bar, gente jovem e bonita celebrando o niver da Curitibana , a bela ruiva Gabi, na foto com o pr\u00edncipe de \u00c9bano, de Sampa, our brother Victor e a paulistinha, Karina , trio classe A, no atendimento, aos clientes e amigos do Cozy Bar na Ferry street. Happy birthday Gabi. Happy birthday a maravilhosa costureira e fashionista Maria Edi. Organizadora do grupo Viva Vida, que apoia sobreviventes [&hellip;]<\/p>\n","protected":false},"author":1,"featured_media":58492,"comment_status":"open","ping_status":"closed","sticky":false,"template":"","format":"standard","meta":{"_links_to":"","_links_to_target":""},"categories":[3,1,6],"tags":[],"views":1427,"_links":{"self":[{"href":"https:\/\/www.brazilianpress.com\/v1\/wp-json\/wp\/v2\/posts\/58497"}],"collection":[{"href":"https:\/\/www.brazilianpress.com\/v1\/wp-json\/wp\/v2\/posts"}],"about":[{"href":"https:\/\/www.brazilianpress.com\/v1\/wp-json\/wp\/v2\/types\/post"}],"author":[{"embeddable":true,"href":"https:\/\/www.brazilianpress.com\/v1\/wp-json\/wp\/v2\/users\/1"}],"replies":[{"embeddable":true,"href":"https:\/\/www.brazilianpress.com\/v1\/wp-json\/wp\/v2\/comments?post=58497"}],"version-history":[{"count":1,"href":"https:\/\/www.brazilianpress.com\/v1\/wp-json\/wp\/v2\/posts\/58497\/revisions"}],"predecessor-version":[{"id":58498,"href":"https:\/\/www.brazilianpress.com\/v1\/wp-json\/wp\/v2\/posts\/58497\/revisions\/58498"}],"wp:featuredmedia":[{"embeddable":true,"href":"https:\/\/www.brazilianpress.com\/v1\/wp-json\/wp\/v2\/media\/58492"}],"wp:attachment":[{"href":"https:\/\/www.brazilianpress.com\/v1\/wp-json\/wp\/v2\/media?parent=58497"}],"wp:term":[{"taxonomy":"category","embeddable":true,"href":"https:\/\/www.brazilianpress.com\/v1\/wp-json\/wp\/v2\/categories?post=58497"},{"taxonomy":"post_tag","embeddable":true,"href":"https:\/\/www.brazilianpress.com\/v1\/wp-json\/wp\/v2\/tags?post=58497"}],"curies":[{"name":"wp","href":"https:\/\/api.w.org\/{rel}","templated":true}]}}