{"id":58507,"date":"2024-08-21T10:48:55","date_gmt":"2024-08-21T14:48:55","guid":{"rendered":"https:\/\/www.brazilianpress.com\/v1\/?p=58507"},"modified":"2024-08-21T10:48:55","modified_gmt":"2024-08-21T14:48:55","slug":"apos-acidente-de-transito-em-portugal-brasileiro-morre-e-familia-pede-ajuda-financeira","status":"publish","type":"post","link":"https:\/\/www.brazilianpress.com\/v1\/2024\/08\/21\/apos-acidente-de-transito-em-portugal-brasileiro-morre-e-familia-pede-ajuda-financeira\/","title":{"rendered":"Ap\u00f3s acidente de tr\u00e2nsito em Portugal, brasileiro morre e fam\u00edlia pede ajuda financeira"},"content":{"rendered":"<p><strong>Um brasileiro nascido no Esp\u00edrito Santo, morreu em um acidente de tr\u00e2nsito em\u00a0Lisboa, Portugal, no dia 10 de agosto. Desde ent\u00e3o, a fam\u00edlia do motorista de aplicativo Felipe Nolasco Braga, de 32 anos, enfrenta dificuldades financeiras para fazer o transporte para o Brasil. O desejo dos parentes \u00e9 enterrar o corpo em Cachoeiro\u00a0de Itapemirim, no Sul do Esp\u00edrito Santo.<\/strong><\/p>\n<p>O carro que Felipe dirigia bateu contra um \u00f4nibus em Lisboa quando o motorista voltava para casa. Segundo a fam\u00edlia, ele j\u00e1 morava em Portugal h\u00e1 seis anos com a esposa.<\/p>\n<p>O casal teve dois filhos, um menino de dois anos e uma menina de 11 meses. De acordo com a fam\u00edlia, todo o traslado para trazer o corpo para o Brasil custa cerca de cinco mil euros, o que equivale a aproximadamente R$ 30 mil reais.<\/p>\n<p>Os familiares disseram que conseguiram passaporte e libera\u00e7\u00f5es para voltar ao Brasil e agora mobilizam amigos e desconhecidos nas redes sociais para juntar dinheiro para ajudar nos gastos funer\u00e1rios e comprar as passagens. O objetivo \u00e9 arrecadar R$ 50 mil, e a arrecada\u00e7\u00e3o j\u00e1 chegou a R$ 21 mil. A expectativa dos parentes \u00e9 que a esposa e os filhos do Felipe embarquem para o Brasil com o corpo da v\u00edtima.<\/p>\n","protected":false},"excerpt":{"rendered":"<p>Um brasileiro nascido no Esp\u00edrito Santo, morreu em um acidente de tr\u00e2nsito em\u00a0Lisboa, Portugal, no dia 10 de agosto. Desde ent\u00e3o, a fam\u00edlia do motorista de aplicativo Felipe Nolasco Braga, de 32 anos, enfrenta dificuldades financeiras para fazer o transporte para o Brasil. O desejo dos parentes \u00e9 enterrar o corpo em Cachoeiro\u00a0de Itapemirim, no Sul do Esp\u00edrito Santo. O carro que Felipe dirigia bateu contra um \u00f4nibus em Lisboa quando o motorista voltava para casa. Segundo a fam\u00edlia, ele j\u00e1 morava em Portugal h\u00e1 seis anos com a esposa. O casal teve dois filhos, um menino de dois anos [&hellip;]<\/p>\n","protected":false},"author":1,"featured_media":58508,"comment_status":"open","ping_status":"closed","sticky":false,"template":"","format":"standard","meta":{"_links_to":"","_links_to_target":""},"categories":[3,8,1],"tags":[],"views":1463,"_links":{"self":[{"href":"https:\/\/www.brazilianpress.com\/v1\/wp-json\/wp\/v2\/posts\/58507"}],"collection":[{"href":"https:\/\/www.brazilianpress.com\/v1\/wp-json\/wp\/v2\/posts"}],"about":[{"href":"https:\/\/www.brazilianpress.com\/v1\/wp-json\/wp\/v2\/types\/post"}],"author":[{"embeddable":true,"href":"https:\/\/www.brazilianpress.com\/v1\/wp-json\/wp\/v2\/users\/1"}],"replies":[{"embeddable":true,"href":"https:\/\/www.brazilianpress.com\/v1\/wp-json\/wp\/v2\/comments?post=58507"}],"version-history":[{"count":1,"href":"https:\/\/www.brazilianpress.com\/v1\/wp-json\/wp\/v2\/posts\/58507\/revisions"}],"predecessor-version":[{"id":58509,"href":"https:\/\/www.brazilianpress.com\/v1\/wp-json\/wp\/v2\/posts\/58507\/revisions\/58509"}],"wp:featuredmedia":[{"embeddable":true,"href":"https:\/\/www.brazilianpress.com\/v1\/wp-json\/wp\/v2\/media\/58508"}],"wp:attachment":[{"href":"https:\/\/www.brazilianpress.com\/v1\/wp-json\/wp\/v2\/media?parent=58507"}],"wp:term":[{"taxonomy":"category","embeddable":true,"href":"https:\/\/www.brazilianpress.com\/v1\/wp-json\/wp\/v2\/categories?post=58507"},{"taxonomy":"post_tag","embeddable":true,"href":"https:\/\/www.brazilianpress.com\/v1\/wp-json\/wp\/v2\/tags?post=58507"}],"curies":[{"name":"wp","href":"https:\/\/api.w.org\/{rel}","templated":true}]}}