{"id":58533,"date":"2024-08-22T17:39:58","date_gmt":"2024-08-22T21:39:58","guid":{"rendered":"https:\/\/www.brazilianpress.com\/v1\/?p=58533"},"modified":"2024-08-22T17:39:58","modified_gmt":"2024-08-22T21:39:58","slug":"atletico-mg-x-fluminense-sera-no-mineirao","status":"publish","type":"post","link":"https:\/\/www.brazilianpress.com\/v1\/2024\/08\/22\/atletico-mg-x-fluminense-sera-no-mineirao\/","title":{"rendered":"Atl\u00e9tico-MG x Fluminense ser\u00e1 no Mineir\u00e3o"},"content":{"rendered":"<p><strong>O jogo entre\u00a0Atl\u00e9tico-MG\u00a0x Fluminense pela 24\u00aa rodada do Brasileir\u00e3o, no pr\u00f3ximo s\u00e1bado, \u00e0s 21h (de Bras\u00edlia), ser\u00e1 no Mineir\u00e3o. A decis\u00e3o foi anunciada pela dire\u00e7\u00e3o do Galo na tarde desta segunda-feira.<\/strong><\/p>\n<p>Ap\u00f3s fortes cr\u00edticas ao gramado da Arena MRV\u00a0e discuss\u00e3o entre membros do Comit\u00ea de Futebol da diretoria do clube alvinegro, o Galo preferiu mudar o local dos jogos como mandante, enquanto trabalha para ter melhor condi\u00e7\u00f5es no gramado do est\u00e1dio atleticano.<\/p>\n<p>Segundo apurou o\u00a0ge, ap\u00f3s o empate com o Cuiab\u00e1 no s\u00e1bado, integrantes da diretoria come\u00e7aram a discutir a possibilidade de levar os jogos do clube para outro est\u00e1dio, Houve uma reuni\u00e3o com a diretoria da Arena MRV nesta segunda-feira.<\/p>\n<p>O gramado passou por troca nos \u00faltimos dias antes da partida contra o Cuiab\u00e1 e depois do jogo contra o Corinthians, mas n\u00e3o houve melhora significativa no piso da Arena MRV.<\/p>\n<p>Em nota divulgada pelo clube, o Atl\u00e9tico informa que &#8220;optou pela mudan\u00e7a para preservar o gramado da Arena MRV, de modo que haja tempo h\u00e1bil para melhoria das condi\u00e7\u00f5es&#8221; .<\/p>\n<p>O clube ainda divulgou que &#8220;os donos de cadeiras e camarotes ser\u00e3o comunicados posteriormente sobre o resgate de ingressos&#8221;.<\/p>\n<p>Nesta ter\u00e7a-feira, o Atl\u00e9tico enfrenta o San Lorenzo, \u00e0s 21h30, na Arena MRV, pelo jogo de volta das oitavas de final da Copa Conmebol Libertadores. Como a primeira partida terminou empatada, quem vencer o duelo se classifica para a pr\u00f3xima fase. Em caso de novo empate, a defini\u00e7\u00e3o da vaga vai ser nos p\u00eanaltis.<\/p>\n","protected":false},"excerpt":{"rendered":"<p>O jogo entre\u00a0Atl\u00e9tico-MG\u00a0x Fluminense pela 24\u00aa rodada do Brasileir\u00e3o, no pr\u00f3ximo s\u00e1bado, \u00e0s 21h (de Bras\u00edlia), ser\u00e1 no Mineir\u00e3o. A decis\u00e3o foi anunciada pela dire\u00e7\u00e3o do Galo na tarde desta segunda-feira. Ap\u00f3s fortes cr\u00edticas ao gramado da Arena MRV\u00a0e discuss\u00e3o entre membros do Comit\u00ea de Futebol da diretoria do clube alvinegro, o Galo preferiu mudar o local dos jogos como mandante, enquanto trabalha para ter melhor condi\u00e7\u00f5es no gramado do est\u00e1dio atleticano. Segundo apurou o\u00a0ge, ap\u00f3s o empate com o Cuiab\u00e1 no s\u00e1bado, integrantes da diretoria come\u00e7aram a discutir a possibilidade de levar os jogos do clube para outro est\u00e1dio, [&hellip;]<\/p>\n","protected":false},"author":1,"featured_media":58534,"comment_status":"open","ping_status":"closed","sticky":false,"template":"","format":"standard","meta":{"_links_to":"","_links_to_target":""},"categories":[9,1],"tags":[],"views":915,"_links":{"self":[{"href":"https:\/\/www.brazilianpress.com\/v1\/wp-json\/wp\/v2\/posts\/58533"}],"collection":[{"href":"https:\/\/www.brazilianpress.com\/v1\/wp-json\/wp\/v2\/posts"}],"about":[{"href":"https:\/\/www.brazilianpress.com\/v1\/wp-json\/wp\/v2\/types\/post"}],"author":[{"embeddable":true,"href":"https:\/\/www.brazilianpress.com\/v1\/wp-json\/wp\/v2\/users\/1"}],"replies":[{"embeddable":true,"href":"https:\/\/www.brazilianpress.com\/v1\/wp-json\/wp\/v2\/comments?post=58533"}],"version-history":[{"count":1,"href":"https:\/\/www.brazilianpress.com\/v1\/wp-json\/wp\/v2\/posts\/58533\/revisions"}],"predecessor-version":[{"id":58535,"href":"https:\/\/www.brazilianpress.com\/v1\/wp-json\/wp\/v2\/posts\/58533\/revisions\/58535"}],"wp:featuredmedia":[{"embeddable":true,"href":"https:\/\/www.brazilianpress.com\/v1\/wp-json\/wp\/v2\/media\/58534"}],"wp:attachment":[{"href":"https:\/\/www.brazilianpress.com\/v1\/wp-json\/wp\/v2\/media?parent=58533"}],"wp:term":[{"taxonomy":"category","embeddable":true,"href":"https:\/\/www.brazilianpress.com\/v1\/wp-json\/wp\/v2\/categories?post=58533"},{"taxonomy":"post_tag","embeddable":true,"href":"https:\/\/www.brazilianpress.com\/v1\/wp-json\/wp\/v2\/tags?post=58533"}],"curies":[{"name":"wp","href":"https:\/\/api.w.org\/{rel}","templated":true}]}}