{"id":58536,"date":"2024-08-22T17:43:04","date_gmt":"2024-08-22T21:43:04","guid":{"rendered":"https:\/\/www.brazilianpress.com\/v1\/?p=58536"},"modified":"2024-08-22T17:43:04","modified_gmt":"2024-08-22T21:43:04","slug":"bola-no-braco-apos-polemica-em-vitoria-x-cruzeiro-volante-se-esquiva-nao-cabe-a-mim","status":"publish","type":"post","link":"https:\/\/www.brazilianpress.com\/v1\/2024\/08\/22\/bola-no-braco-apos-polemica-em-vitoria-x-cruzeiro-volante-se-esquiva-nao-cabe-a-mim\/","title":{"rendered":"Bola no bra\u00e7o? Ap\u00f3s pol\u00eamica em Vit\u00f3ria x Cruzeiro, volante se esquiva: &#8220;N\u00e3o cabe a mim&#8221;"},"content":{"rendered":"<p><strong>O volante Matheus Henrique foi questionado na zona mista do Barrad\u00e3o se, no in\u00edcio do lance do gol de empate do\u00a0Cruzeiro, a bola tocou em seu bra\u00e7o esquerdo ou n\u00e3o. O jogador do Cruzeiro disse que a responsabilidade em apontar infra\u00e7\u00e3o era da arbitragem e do VAR.<\/strong><\/p>\n<p>&#8211; Ainda n\u00e3o vi o v\u00eddeo. Mas vi as pessoas falando. O Luan, no vesti\u00e1rio do Vit\u00f3ria, (eu) estava trocando camisa, e eles falaram. Isso n\u00e3o \u00e9 parte minha. Tem os \u00e1rbitros, tem o VAR. Se foi m\u00e3o ou n\u00e3o, teria que partir deles.<\/p>\n<p>Matheus Henrique disse que n\u00e3o viu o lance novamente, ap\u00f3s a partida. Mas disse que n\u00e3o cabe a ele dizer se houve infra\u00e7\u00e3o.<\/p>\n<p>&#8220;Eles tiveram p\u00eanalti que bateu na m\u00e3o, e ele marcou. Mas, sinceramente, isso n\u00e3o compete a mim dizer.&#8221;<\/p>\n<p>O lance teve revis\u00e3o do VAR, mas o \u00e1rbitro Marcelo de Lima Henrique n\u00e3o foi chamado \u00e0 cabine para avaliar o lance, apesar de muita press\u00e3o dos jogadores do Vit\u00f3ria, que tamb\u00e9m reclamaram de poss\u00edvel empurr\u00e3o de Dinenno antes de finalizar e marcar o gol.<\/p>\n<p>Com o empate por 2 a 2, o Cruzeiro evitou uma derrota para o Vit\u00f3ria, ap\u00f3s sair perdendo por 2 a 0. O time est\u00e1 em s\u00e9timo lugar com 37 pontos.<\/p>\n","protected":false},"excerpt":{"rendered":"<p>O volante Matheus Henrique foi questionado na zona mista do Barrad\u00e3o se, no in\u00edcio do lance do gol de empate do\u00a0Cruzeiro, a bola tocou em seu bra\u00e7o esquerdo ou n\u00e3o. O jogador do Cruzeiro disse que a responsabilidade em apontar infra\u00e7\u00e3o era da arbitragem e do VAR. &#8211; Ainda n\u00e3o vi o v\u00eddeo. Mas vi as pessoas falando. O Luan, no vesti\u00e1rio do Vit\u00f3ria, (eu) estava trocando camisa, e eles falaram. Isso n\u00e3o \u00e9 parte minha. Tem os \u00e1rbitros, tem o VAR. Se foi m\u00e3o ou n\u00e3o, teria que partir deles. Matheus Henrique disse que n\u00e3o viu o lance novamente, [&hellip;]<\/p>\n","protected":false},"author":1,"featured_media":58537,"comment_status":"open","ping_status":"closed","sticky":false,"template":"","format":"standard","meta":{"_links_to":"","_links_to_target":""},"categories":[9,1],"tags":[],"views":842,"_links":{"self":[{"href":"https:\/\/www.brazilianpress.com\/v1\/wp-json\/wp\/v2\/posts\/58536"}],"collection":[{"href":"https:\/\/www.brazilianpress.com\/v1\/wp-json\/wp\/v2\/posts"}],"about":[{"href":"https:\/\/www.brazilianpress.com\/v1\/wp-json\/wp\/v2\/types\/post"}],"author":[{"embeddable":true,"href":"https:\/\/www.brazilianpress.com\/v1\/wp-json\/wp\/v2\/users\/1"}],"replies":[{"embeddable":true,"href":"https:\/\/www.brazilianpress.com\/v1\/wp-json\/wp\/v2\/comments?post=58536"}],"version-history":[{"count":1,"href":"https:\/\/www.brazilianpress.com\/v1\/wp-json\/wp\/v2\/posts\/58536\/revisions"}],"predecessor-version":[{"id":58538,"href":"https:\/\/www.brazilianpress.com\/v1\/wp-json\/wp\/v2\/posts\/58536\/revisions\/58538"}],"wp:featuredmedia":[{"embeddable":true,"href":"https:\/\/www.brazilianpress.com\/v1\/wp-json\/wp\/v2\/media\/58537"}],"wp:attachment":[{"href":"https:\/\/www.brazilianpress.com\/v1\/wp-json\/wp\/v2\/media?parent=58536"}],"wp:term":[{"taxonomy":"category","embeddable":true,"href":"https:\/\/www.brazilianpress.com\/v1\/wp-json\/wp\/v2\/categories?post=58536"},{"taxonomy":"post_tag","embeddable":true,"href":"https:\/\/www.brazilianpress.com\/v1\/wp-json\/wp\/v2\/tags?post=58536"}],"curies":[{"name":"wp","href":"https:\/\/api.w.org\/{rel}","templated":true}]}}