{"id":58539,"date":"2024-08-22T17:47:21","date_gmt":"2024-08-22T21:47:21","guid":{"rendered":"https:\/\/www.brazilianpress.com\/v1\/?p=58539"},"modified":"2024-08-22T17:47:21","modified_gmt":"2024-08-22T21:47:21","slug":"em-portugal-brasileiros-relatam-caos-na-imigracao-em-portugal","status":"publish","type":"post","link":"https:\/\/www.brazilianpress.com\/v1\/2024\/08\/22\/em-portugal-brasileiros-relatam-caos-na-imigracao-em-portugal\/","title":{"rendered":"Em Portugal brasileiros relatam caos na imigra\u00e7\u00e3o em Portugal"},"content":{"rendered":"<p><strong>Brasileiros que vivem em Portugal reclamam de dificuldade de conseguir regularizar sua situa\u00e7\u00e3o no pa\u00eds, mesmo cumprindo as regras de perman\u00eancia. A demora nos processos da Ag\u00eancia para a Integra\u00e7\u00e3o, Migra\u00e7\u00f5es e Asilo para obter a autoriza\u00e7\u00e3o de resid\u00eancia, segundo eles, tem causado problemas para conseguir emprego, abrir conta no banco e at\u00e9 viajar.<\/strong><\/p>\n<p>Os relatos de problemas aumentaram desde que houve a migra\u00e7\u00e3o do extinto Servi\u00e7o de Emigra\u00e7\u00e3o e Fronteiras (SEF) para a AIMA, que passou a funcionar em outubro de 2023. A ag\u00eancia migrat\u00f3ria estima que herdou cerca de 400 mil processos pendentes.<\/p>\n<p>Diante da quantidade de processos acumulados, o governo tem prorrogado as validades das autoriza\u00e7\u00f5es de resid\u00eancia e dos vistos vencidos. A renova\u00e7\u00e3o, por\u00e9m, n\u00e3o tem garantido o acesso a servi\u00e7os p\u00fablicos e privados dos imigrantes nessas condi\u00e7\u00f5es porque alguns \u00f3rg\u00e3os e empresas desconhecem a medida.<\/p>\n<p>A quest\u00e3o de manifesta\u00e7\u00e3o de interesse para perman\u00eancia foi extinta pelo governo portugu\u00eas em 4 de junho, gerando ainda mais d\u00favidas aos imigrantes. Apenas os que solicitaram o processo at\u00e9 a data da extin\u00e7\u00e3o ter\u00e3o a possibilidade de se regularizar por essa via. A an\u00e1lise tem demorado em m\u00e9dia dois anos.<\/p>\n<p>O prazo legal de perman\u00eancia \u00e9 de 90 dias. Mas tem sido comum os imigrantes esperarem cerca de seis meses pelo cart\u00e3o de resid\u00eancia. Enquanto aguardam, n\u00e3o podem deixar o pa\u00eds.<\/p>\n<p>Em nota, a embaixada brasileira em Lisboa afirmou que tem refor\u00e7ado junto ao governo portugu\u00eas a import\u00e2ncia da comunidade brasileira para a economia e o desenvolvimento de Portugal, assim como a necessidade da agilidade no tratamento dos pedidos de regulariza\u00e7\u00e3o migrat\u00f3ria. Os brasileiros representam um ter\u00e7o dos 1,04 milh\u00e3o de estrangeiros residentes em Portugal.<\/p>\n<p>A representa\u00e7\u00e3o diplom\u00e1tica destacou ainda que o pa\u00eds europeu reconhece a gravidade do problema e tem dialogado com o governo brasileiro.<\/p>\n<p>O presidente da AIMA, Lu\u00eds Goes Pinheiro, afirmou em 25 de junho \u00e0 Comiss\u00e3o de Assuntos Constitucionais, Direitos, Liberdades e Garantias da Assembleia da Rep\u00fablica que a ag\u00eancia deve &#8220;resolver as pend\u00eancias at\u00e9 junho de 2025&#8221;.<\/p>\n","protected":false},"excerpt":{"rendered":"<p>Brasileiros que vivem em Portugal reclamam de dificuldade de conseguir regularizar sua situa\u00e7\u00e3o no pa\u00eds, mesmo cumprindo as regras de perman\u00eancia. A demora nos processos da Ag\u00eancia para a Integra\u00e7\u00e3o, Migra\u00e7\u00f5es e Asilo para obter a autoriza\u00e7\u00e3o de resid\u00eancia, segundo eles, tem causado problemas para conseguir emprego, abrir conta no banco e at\u00e9 viajar. Os relatos de problemas aumentaram desde que houve a migra\u00e7\u00e3o do extinto Servi\u00e7o de Emigra\u00e7\u00e3o e Fronteiras (SEF) para a AIMA, que passou a funcionar em outubro de 2023. A ag\u00eancia migrat\u00f3ria estima que herdou cerca de 400 mil processos pendentes. Diante da quantidade de processos [&hellip;]<\/p>\n","protected":false},"author":1,"featured_media":52249,"comment_status":"open","ping_status":"closed","sticky":false,"template":"","format":"standard","meta":{"_links_to":"","_links_to_target":""},"categories":[3,8,1],"tags":[],"views":1118,"_links":{"self":[{"href":"https:\/\/www.brazilianpress.com\/v1\/wp-json\/wp\/v2\/posts\/58539"}],"collection":[{"href":"https:\/\/www.brazilianpress.com\/v1\/wp-json\/wp\/v2\/posts"}],"about":[{"href":"https:\/\/www.brazilianpress.com\/v1\/wp-json\/wp\/v2\/types\/post"}],"author":[{"embeddable":true,"href":"https:\/\/www.brazilianpress.com\/v1\/wp-json\/wp\/v2\/users\/1"}],"replies":[{"embeddable":true,"href":"https:\/\/www.brazilianpress.com\/v1\/wp-json\/wp\/v2\/comments?post=58539"}],"version-history":[{"count":1,"href":"https:\/\/www.brazilianpress.com\/v1\/wp-json\/wp\/v2\/posts\/58539\/revisions"}],"predecessor-version":[{"id":58540,"href":"https:\/\/www.brazilianpress.com\/v1\/wp-json\/wp\/v2\/posts\/58539\/revisions\/58540"}],"wp:featuredmedia":[{"embeddable":true,"href":"https:\/\/www.brazilianpress.com\/v1\/wp-json\/wp\/v2\/media\/52249"}],"wp:attachment":[{"href":"https:\/\/www.brazilianpress.com\/v1\/wp-json\/wp\/v2\/media?parent=58539"}],"wp:term":[{"taxonomy":"category","embeddable":true,"href":"https:\/\/www.brazilianpress.com\/v1\/wp-json\/wp\/v2\/categories?post=58539"},{"taxonomy":"post_tag","embeddable":true,"href":"https:\/\/www.brazilianpress.com\/v1\/wp-json\/wp\/v2\/tags?post=58539"}],"curies":[{"name":"wp","href":"https:\/\/api.w.org\/{rel}","templated":true}]}}