{"id":58541,"date":"2024-08-22T17:53:48","date_gmt":"2024-08-22T21:53:48","guid":{"rendered":"https:\/\/www.brazilianpress.com\/v1\/?p=58541"},"modified":"2024-08-22T17:53:48","modified_gmt":"2024-08-22T21:53:48","slug":"brasil-tem-crescimento-de-celulas-neonazistas-afirma-onu-e-pede-acao-contra-racismo-sistemico","status":"publish","type":"post","link":"https:\/\/www.brazilianpress.com\/v1\/2024\/08\/22\/brasil-tem-crescimento-de-celulas-neonazistas-afirma-onu-e-pede-acao-contra-racismo-sistemico\/","title":{"rendered":"Brasil tem crescimento de c\u00e9lulas neonazistas afirma ONU e pede a\u00e7\u00e3o contra &#8216;racismo sist\u00eamico&#8217;"},"content":{"rendered":"<p><strong>A relatora especial das Na\u00e7\u00f5es Unidas sobre formas contempor\u00e2neas de\u00a0racismo, Ashwini K.P., denunciou o crescimento de c\u00e9lulas neonazistas no sul do Brasil, especialmente em Santa Catarina. Em entrevista coletiva na sexta-feira no Rio de Janeiro, ela tra\u00e7ou um panorama geral sobre as medidas adotadas pelo governo brasileiro para combater o racismo no pa\u00eds e afirmou que, embora existam elementos positivos, como o investimento em a\u00e7\u00f5es afirmativas, as pol\u00edticas ainda s\u00e3o insuficientes.<\/strong><\/p>\n<p>Com rela\u00e7\u00e3o aos grupos neonazistas no sul do pa\u00eds, Ashwini pontuou que \u201co maior problema em Santa Catarina \u00e9 a falta de dados desagregados\u201d sobre o assunto. Segundo ela, \u00e9 necess\u00e1rio que o governo local \u201csaia da nega\u00e7\u00e3o\u201d e aborde o tema \u201ccom o mesmo afinco de outros estados\u201d. Em 2022, um estudo da antrop\u00f3loga Adriana Dias (1970-2023), especialista no tema, indicava que havia ao menos\u00a0530 c\u00e9lulas extremistas\u00a0no territ\u00f3rio brasileiro. Tr\u00eas anos antes, em 2019, ela havia detectado 334 grupos. Em abril, o Conselho Nacional de Direitos Humanos (CNDH)acionou a ONU\u00a0para alertar sobre avan\u00e7o neonazista no Brasil.<\/p>\n<p>A relatora da ONU tamb\u00e9m mencionou a viol\u00eancia contra os povos ind\u00edgenas Guarani-Kaiow\u00e1 no Mato Grosso do Sul, onde, no in\u00edcio do m\u00eas, 11 pessoas ficaram gravemente feridas\u00a0num ataque de agricultores. Para ela, a \u201ccont\u00ednua falta de demarca\u00e7\u00e3o e titula\u00e7\u00e3o de terras\u201d tem impulsionado ataques em seus territ\u00f3rios. Ashwini afirmou ter se reunido com a comunidade Quilombola do Alto do Toror\u00f3, na Bahia, e ouvido relatos de que a terra do grupo havia sido invadida por uma s\u00e9rie de atores privados e estatais \u2013 o que, por sua vez, provocou a degrada\u00e7\u00e3o ambiental e enfraquecimento das tradi\u00e7\u00f5es.<\/p>\n<p>Ashwini afirmou ter ficado \u201caliviada\u201d com a not\u00edcia de que a demarca\u00e7\u00e3o de terras foi reiniciada, ap\u00f3s ter sido interrompida sob o governo do ex-presidente Jair Bolsonaro, e por saber que oito terras ind\u00edgenas foram demarcadas em 2023. Ainda assim, a relatora ressaltou que, no ritmo atual, \u201clevaria centenas de anos para alcan\u00e7ar a demarca\u00e7\u00e3o de todas as terras ind\u00edgenas e quilombolas\u201d no Brasil. Somado a isso, ela disse ver com preocupa\u00e7\u00e3o a\u00a0tese do Marco Temporal, projeto que considera apenas as terras ocupadas pelos povos ind\u00edgenas no momento da aprova\u00e7\u00e3o da Constitui\u00e7\u00e3o de 1988 como eleg\u00edveis para a demarca\u00e7\u00e3o.<\/p>\n<p>Como consequ\u00eancia, Ashwini tamb\u00e9m mencionou o racismo ambiental \u2013 j\u00e1 que, afirmou, invas\u00f5es de terras ind\u00edgenas prejudicam o direito de acesso a um meio ambiente limpo, saud\u00e1vel e sustent\u00e1vel para todos. A segrega\u00e7\u00e3o espacial por ra\u00e7a e etnia, continuou ela, \u00e9 vista ainda em \u00e1reas rurais e urbanas, com pessoas marginalizadas concentradas em \u00e1reas \u201cdesproporcionalmente vulner\u00e1veis\u201d a desastres naturais e eventos clim\u00e1ticos extremos.<\/p>\n<p>Ao todo, Ashwini viajou por Bras\u00edlia, Salvador, S\u00e3o lu\u00eds, S\u00e3o Paulo, Florian\u00f3polis e Rio de Janeiro. Um relat\u00f3rio sobre a visita dela ser\u00e1 apresentado no Conselho de Direitos Humanos da ONU em junho de 2025.<\/p>\n","protected":false},"excerpt":{"rendered":"<p>A relatora especial das Na\u00e7\u00f5es Unidas sobre formas contempor\u00e2neas de\u00a0racismo, Ashwini K.P., denunciou o crescimento de c\u00e9lulas neonazistas no sul do Brasil, especialmente em Santa Catarina. Em entrevista coletiva na sexta-feira no Rio de Janeiro, ela tra\u00e7ou um panorama geral sobre as medidas adotadas pelo governo brasileiro para combater o racismo no pa\u00eds e afirmou que, embora existam elementos positivos, como o investimento em a\u00e7\u00f5es afirmativas, as pol\u00edticas ainda s\u00e3o insuficientes. Com rela\u00e7\u00e3o aos grupos neonazistas no sul do pa\u00eds, Ashwini pontuou que \u201co maior problema em Santa Catarina \u00e9 a falta de dados desagregados\u201d sobre o assunto. Segundo ela, [&hellip;]<\/p>\n","protected":false},"author":1,"featured_media":58542,"comment_status":"open","ping_status":"closed","sticky":false,"template":"","format":"standard","meta":{"_links_to":"","_links_to_target":""},"categories":[7,1],"tags":[],"views":757,"_links":{"self":[{"href":"https:\/\/www.brazilianpress.com\/v1\/wp-json\/wp\/v2\/posts\/58541"}],"collection":[{"href":"https:\/\/www.brazilianpress.com\/v1\/wp-json\/wp\/v2\/posts"}],"about":[{"href":"https:\/\/www.brazilianpress.com\/v1\/wp-json\/wp\/v2\/types\/post"}],"author":[{"embeddable":true,"href":"https:\/\/www.brazilianpress.com\/v1\/wp-json\/wp\/v2\/users\/1"}],"replies":[{"embeddable":true,"href":"https:\/\/www.brazilianpress.com\/v1\/wp-json\/wp\/v2\/comments?post=58541"}],"version-history":[{"count":1,"href":"https:\/\/www.brazilianpress.com\/v1\/wp-json\/wp\/v2\/posts\/58541\/revisions"}],"predecessor-version":[{"id":58543,"href":"https:\/\/www.brazilianpress.com\/v1\/wp-json\/wp\/v2\/posts\/58541\/revisions\/58543"}],"wp:featuredmedia":[{"embeddable":true,"href":"https:\/\/www.brazilianpress.com\/v1\/wp-json\/wp\/v2\/media\/58542"}],"wp:attachment":[{"href":"https:\/\/www.brazilianpress.com\/v1\/wp-json\/wp\/v2\/media?parent=58541"}],"wp:term":[{"taxonomy":"category","embeddable":true,"href":"https:\/\/www.brazilianpress.com\/v1\/wp-json\/wp\/v2\/categories?post=58541"},{"taxonomy":"post_tag","embeddable":true,"href":"https:\/\/www.brazilianpress.com\/v1\/wp-json\/wp\/v2\/tags?post=58541"}],"curies":[{"name":"wp","href":"https:\/\/api.w.org\/{rel}","templated":true}]}}