{"id":58582,"date":"2024-08-30T18:03:33","date_gmt":"2024-08-30T22:03:33","guid":{"rendered":"https:\/\/www.brazilianpress.com\/v1\/?p=58582"},"modified":"2024-08-30T18:03:33","modified_gmt":"2024-08-30T22:03:33","slug":"brasileiro-acusado-de-homicidio-em-minas-gerais-e-preso-nos-eua-e-aguarda-deportacao","status":"publish","type":"post","link":"https:\/\/www.brazilianpress.com\/v1\/2024\/08\/30\/brasileiro-acusado-de-homicidio-em-minas-gerais-e-preso-nos-eua-e-aguarda-deportacao\/","title":{"rendered":"Brasileiro acusado de homic\u00eddio em Minas Gerais \u00e9 preso nos EUA e aguarda deporta\u00e7\u00e3o"},"content":{"rendered":"<p><strong>Um homem de 28 anos foi preso nos Estados Unidos nesta quarta-feira (28 de agosto), ap\u00f3s uma Difus\u00e3o Vermelha solicitada pelo Minist\u00e9rio P\u00fablico de Minas Gerais (MPMG). Ele \u00e9 r\u00e9u em a\u00e7\u00e3o penal por homic\u00eddio qualificado consumado e tentativa de homic\u00eddio qualificado, e estava foragido desde 2021.<\/strong><\/p>\n<p>Segundo a den\u00fancia do MPMG, os crimes ocorreram em 23 de novembro de 2021, no bairro Esperan\u00e7a, em Ipatinga, no Vale do A\u00e7o. O acusado, junto com outros dois indiv\u00edduos, teria tentado matar um homem e matado outro com v\u00e1rios disparos de arma de fogo. As investiga\u00e7\u00f5es comprovaram que os crimes foram motivados por desaven\u00e7as ligadas ao tr\u00e1fico de drogas, e que o mandante era o pr\u00f3prio acusado, apontado como chefe do tr\u00e1fico.<\/p>\n<p>Com a pris\u00e3o nos EUA, o homem ser\u00e1 deportado para o Brasil, onde responder\u00e1 \u00e0 a\u00e7\u00e3o penal. Se condenado, poder\u00e1 cumprir de 24 a 60 anos de reclus\u00e3o em regime fechado. A a\u00e7\u00e3o penal tramita na Vara de Execu\u00e7\u00f5es Penais, de Precat\u00f3rias Criminais e do Tribunal do J\u00fari da Comarca de Ipatinga.<\/p>\n","protected":false},"excerpt":{"rendered":"<p>Um homem de 28 anos foi preso nos Estados Unidos nesta quarta-feira (28 de agosto), ap\u00f3s uma Difus\u00e3o Vermelha solicitada pelo Minist\u00e9rio P\u00fablico de Minas Gerais (MPMG). Ele \u00e9 r\u00e9u em a\u00e7\u00e3o penal por homic\u00eddio qualificado consumado e tentativa de homic\u00eddio qualificado, e estava foragido desde 2021. Segundo a den\u00fancia do MPMG, os crimes ocorreram em 23 de novembro de 2021, no bairro Esperan\u00e7a, em Ipatinga, no Vale do A\u00e7o. O acusado, junto com outros dois indiv\u00edduos, teria tentado matar um homem e matado outro com v\u00e1rios disparos de arma de fogo. As investiga\u00e7\u00f5es comprovaram que os crimes foram motivados [&hellip;]<\/p>\n","protected":false},"author":1,"featured_media":58583,"comment_status":"open","ping_status":"closed","sticky":false,"template":"","format":"standard","meta":{"_links_to":"","_links_to_target":""},"categories":[4,3,1],"tags":[],"views":1370,"_links":{"self":[{"href":"https:\/\/www.brazilianpress.com\/v1\/wp-json\/wp\/v2\/posts\/58582"}],"collection":[{"href":"https:\/\/www.brazilianpress.com\/v1\/wp-json\/wp\/v2\/posts"}],"about":[{"href":"https:\/\/www.brazilianpress.com\/v1\/wp-json\/wp\/v2\/types\/post"}],"author":[{"embeddable":true,"href":"https:\/\/www.brazilianpress.com\/v1\/wp-json\/wp\/v2\/users\/1"}],"replies":[{"embeddable":true,"href":"https:\/\/www.brazilianpress.com\/v1\/wp-json\/wp\/v2\/comments?post=58582"}],"version-history":[{"count":1,"href":"https:\/\/www.brazilianpress.com\/v1\/wp-json\/wp\/v2\/posts\/58582\/revisions"}],"predecessor-version":[{"id":58584,"href":"https:\/\/www.brazilianpress.com\/v1\/wp-json\/wp\/v2\/posts\/58582\/revisions\/58584"}],"wp:featuredmedia":[{"embeddable":true,"href":"https:\/\/www.brazilianpress.com\/v1\/wp-json\/wp\/v2\/media\/58583"}],"wp:attachment":[{"href":"https:\/\/www.brazilianpress.com\/v1\/wp-json\/wp\/v2\/media?parent=58582"}],"wp:term":[{"taxonomy":"category","embeddable":true,"href":"https:\/\/www.brazilianpress.com\/v1\/wp-json\/wp\/v2\/categories?post=58582"},{"taxonomy":"post_tag","embeddable":true,"href":"https:\/\/www.brazilianpress.com\/v1\/wp-json\/wp\/v2\/tags?post=58582"}],"curies":[{"name":"wp","href":"https:\/\/api.w.org\/{rel}","templated":true}]}}