{"id":58700,"date":"2024-09-05T13:59:58","date_gmt":"2024-09-05T17:59:58","guid":{"rendered":"https:\/\/www.brazilianpress.com\/v1\/?p=58700"},"modified":"2024-09-05T13:59:58","modified_gmt":"2024-09-05T17:59:58","slug":"atletico-mg-ainda-precisa-vender-atletas-para-atingir-meta-orcamentaria-de-saidas-saiba-quanto-falta","status":"publish","type":"post","link":"https:\/\/www.brazilianpress.com\/v1\/2024\/09\/05\/atletico-mg-ainda-precisa-vender-atletas-para-atingir-meta-orcamentaria-de-saidas-saiba-quanto-falta\/","title":{"rendered":"Atl\u00e9tico-MG ainda precisa vender atletas para atingir meta or\u00e7ament\u00e1ria de sa\u00eddas. Saiba quanto falta"},"content":{"rendered":"<p><strong>O\u00a0Atl\u00e9tico-MG\u00a0precisa vender jogadores ainda neste ano para bater a meta or\u00e7ament\u00e1ria do clube com sa\u00eddas de atletas. O clube n\u00e3o atingiu at\u00e9 agora o valor de R$ 64 milh\u00f5es em venda estipulados para esta temporada.<\/strong><\/p>\n<p>Segundo o CEO do clube, Bruno Muzzi, o Galo arrecadou at\u00e9 aqui cerca de R$ 30 milh\u00f5es. Faltam ainda R$ 35 milh\u00f5es para fechar o or\u00e7amento deste ano com sa\u00edda de atletas. O plano do Atl\u00e9tico \u00e9 arrecadar R$ 64 milh\u00f5es com a venda de jogadores neste ano de 2024. O n\u00famero foi exposto pelo clube em um documento apresentado ao treinador Gabriel Milito durante a negocia\u00e7\u00e3o com o argentino.<\/p>\n<p>Com todas as sa\u00eddas de 2024 at\u00e9 aqui (Paulo Henrique, Pav\u00f3n, Edenilson, Patrick e Jemerson), o Galo lucrou R$ 32,9 milh\u00f5es de reais em valores aproximados. \u00c9 quase metade do que o clube tem como objetivo de meta or\u00e7ament\u00e1ria com sa\u00eddas de atletas. Nesta conta de sa\u00eddas entra tamb\u00e9m parcelas de vendas anteriores, mecanismos de solidariedade e quaisquer outros valores referentes a transfer\u00eancias de jogadores.<\/p>\n<p>Nesta \u00faltima janela, o clube recebeu algumas sondagens por Alisson, garoto da base do clube. O\u00a0ge\u00a0apurou que houve propostas para o atacante, mas valores e forma de pagamento n\u00e3o agradaram ao clube mineiro e o neg\u00f3cio n\u00e3o foi para frente.<\/p>\n<p><strong>Vendas de 2024<\/strong><\/p>\n<ul>\n<li>Jemerson (Gr\u00eamio): R$ 3 milh\u00f5es<\/li>\n<li>Edenilson (Gr\u00eamio): custo zero<\/li>\n<li>Patrick (Santos): R$ 5 milh\u00f5es (valores a receber parcelado somente em 2025)<\/li>\n<li>Pav\u00f3n (Gr\u00eamio): R$ 20 milh\u00f5es<\/li>\n<li>Paulo Henrique (Vasco): R$ 4,9 milh\u00f5es<\/li>\n<\/ul>\n","protected":false},"excerpt":{"rendered":"<p>O\u00a0Atl\u00e9tico-MG\u00a0precisa vender jogadores ainda neste ano para bater a meta or\u00e7ament\u00e1ria do clube com sa\u00eddas de atletas. O clube n\u00e3o atingiu at\u00e9 agora o valor de R$ 64 milh\u00f5es em venda estipulados para esta temporada. Segundo o CEO do clube, Bruno Muzzi, o Galo arrecadou at\u00e9 aqui cerca de R$ 30 milh\u00f5es. Faltam ainda R$ 35 milh\u00f5es para fechar o or\u00e7amento deste ano com sa\u00edda de atletas. O plano do Atl\u00e9tico \u00e9 arrecadar R$ 64 milh\u00f5es com a venda de jogadores neste ano de 2024. O n\u00famero foi exposto pelo clube em um documento apresentado ao treinador Gabriel Milito durante [&hellip;]<\/p>\n","protected":false},"author":1,"featured_media":58701,"comment_status":"open","ping_status":"closed","sticky":false,"template":"","format":"standard","meta":{"_links_to":"","_links_to_target":""},"categories":[9,1],"tags":[],"views":906,"_links":{"self":[{"href":"https:\/\/www.brazilianpress.com\/v1\/wp-json\/wp\/v2\/posts\/58700"}],"collection":[{"href":"https:\/\/www.brazilianpress.com\/v1\/wp-json\/wp\/v2\/posts"}],"about":[{"href":"https:\/\/www.brazilianpress.com\/v1\/wp-json\/wp\/v2\/types\/post"}],"author":[{"embeddable":true,"href":"https:\/\/www.brazilianpress.com\/v1\/wp-json\/wp\/v2\/users\/1"}],"replies":[{"embeddable":true,"href":"https:\/\/www.brazilianpress.com\/v1\/wp-json\/wp\/v2\/comments?post=58700"}],"version-history":[{"count":1,"href":"https:\/\/www.brazilianpress.com\/v1\/wp-json\/wp\/v2\/posts\/58700\/revisions"}],"predecessor-version":[{"id":58702,"href":"https:\/\/www.brazilianpress.com\/v1\/wp-json\/wp\/v2\/posts\/58700\/revisions\/58702"}],"wp:featuredmedia":[{"embeddable":true,"href":"https:\/\/www.brazilianpress.com\/v1\/wp-json\/wp\/v2\/media\/58701"}],"wp:attachment":[{"href":"https:\/\/www.brazilianpress.com\/v1\/wp-json\/wp\/v2\/media?parent=58700"}],"wp:term":[{"taxonomy":"category","embeddable":true,"href":"https:\/\/www.brazilianpress.com\/v1\/wp-json\/wp\/v2\/categories?post=58700"},{"taxonomy":"post_tag","embeddable":true,"href":"https:\/\/www.brazilianpress.com\/v1\/wp-json\/wp\/v2\/tags?post=58700"}],"curies":[{"name":"wp","href":"https:\/\/api.w.org\/{rel}","templated":true}]}}