{"id":58703,"date":"2024-09-05T14:02:56","date_gmt":"2024-09-05T18:02:56","guid":{"rendered":"https:\/\/www.brazilianpress.com\/v1\/?p=58703"},"modified":"2024-09-05T14:02:56","modified_gmt":"2024-09-05T18:02:56","slug":"ao-menos-700-brasileiros-milionarios-vivem-em-portugal","status":"publish","type":"post","link":"https:\/\/www.brazilianpress.com\/v1\/2024\/09\/05\/ao-menos-700-brasileiros-milionarios-vivem-em-portugal\/","title":{"rendered":"Ao menos 700 brasileiros milion\u00e1rios vivem em Portugal"},"content":{"rendered":"<p><strong>Pelo menos 700 brasileiros com patrim\u00f4nio l\u00edquido superior a 1 milh\u00e3o de euros est\u00e3o morando em Portugal. Esse n\u00famero foi mapeado pela gestora de recursos Portogallo Family Office, que tem escrit\u00f3rios em Lisboa, S\u00e3o Paulo e Santa Catarina. \u201cTrata-se de um p\u00fablico bem exclusivo, que busca qualidade de vida, em especial, seguran\u00e7a\u201d, afirma Magda Portugal, CEO da Portogallo.<\/strong><\/p>\n<p>Para Gustavo Caiuby, diretor da Heed Capital em Portugal, \u00e9 poss\u00edvel que o total de milion\u00e1rios brasileiros vivendo em territ\u00f3rio luso seja ainda maior. \u201cSetecentos \u00e9 um n\u00famero aproximado, mas creio que esse p\u00fablico j\u00e1 esteja em mil pessoas\u201d, afirma.<\/p>\n<p>Senior adviser da 3J Capital Partners, Marcelo Sobreira acredita que parte dos milion\u00e1rios brasileiros que escolheram Portugal para morar busca a diversifica\u00e7\u00e3o do patrim\u00f4nio. Na avalia\u00e7\u00e3o dele, mesmo o Brasil tendo uma das maiores taxas de juros do mundo, de 10,5% ao ano, essa parcela da popula\u00e7\u00e3o prefere deixar uma parte dos recursos em moeda forte.<\/p>\n<p>Segundo Magda, a migra\u00e7\u00e3o dos milion\u00e1rios brasileiros para Portugal come\u00e7ou em 2013, quando o governo decidiu taxar os investimentos detidos no exterior. \u201cNum segundo momento, o que motivou a decis\u00e3o de se cruzar o Atl\u00e2ntico foi a inseguran\u00e7a pol\u00edtica e econ\u00f4mica no segundo mandato da ent\u00e3o presidente Dilma Rousseff. O terceiro movimento de migra\u00e7\u00e3o, mais recente, se deu durante o governo de Jair Bolsonaro, tamb\u00e9m por quest\u00f5es pol\u00edticas, pois se temia um golpe militar\u201d, explica.<\/p>\n<p>Soma-se a esses fatores, a implanta\u00e7\u00e3o, pelo governo de Portugal, do regime de residente n\u00e3o habitual (RNH), isentando de impostos os ganhos obtidos no exterior e taxando em apenas 10% os rendimentos locais. Esse benef\u00edcio fiscal acabou no fim do ano passado, mas, conforme Caiuby, ainda h\u00e1 pessoas ingressando no regime, num per\u00edodo de transi\u00e7\u00e3o, pois iniciaram os pedidos antes da altera\u00e7\u00e3o da legisla\u00e7\u00e3o.<\/p>\n<p>Sobreira prev\u00ea que o fluxo dos endinheirados brasileiros para Portugal vai continuar, ainda que n\u00e3o na velocidade vista at\u00e9 recentemente. \u00c9 o que tamb\u00e9m pensa Magda, da Portogallo. \u201cInfelizmente, o direito de ir e vir no Brasil est\u00e1 complicado. Em cidades como Rio e S\u00e3o Paulo, esse p\u00fablico anda de helic\u00f3pteros e de carros blindados. J\u00e1 em Portugal, n\u00e3o h\u00e1 problemas de circula\u00e7\u00e3o, pois a criminalidade \u00e9 muito baixa\u201d, diz. Tamb\u00e9m h\u00e1, no entender dela, o fato de Lisboa ter se transformado em um grande hub, permitindo voos diretos para v\u00e1rias capitais da Europa e para a \u00c1sia. \u201cEssa mobilidade f\u00e1cil conta muito\u201d, afirma.<\/p>\n<p>Caiuby, da Heed Capital, assinala outro ponto importante: os benef\u00edcios fiscais concedidos por Portugal por interm\u00e9dio do Golden Visa n\u00e3o acabaram, como muitos pensam. O que n\u00e3o est\u00e1 mais permitido \u00e9 a compra de im\u00f3veis com incentivos nos grandes centros urbanos e nas regi\u00f5es litor\u00e2neas.<\/p>\n<p>De olho nos milion\u00e1rios, os bancos brasileiros v\u00eam refor\u00e7ando suas estruturas em Portugal. O Banco do Brasil nomeou Karen Machado para ampliar o atendimento \u00e0 clientela de alta renda. O Ita\u00fa Unibanco e o BTG Pactual t\u00eam travado uma boa briga para ver quem fica com a maior parte dos recursos dispon\u00edveis para aplica\u00e7\u00f5es. O Bradesco, por meio de seu escrit\u00f3rio em Luxemburgo, tamb\u00e9m quer um naco dos neg\u00f3cios.<\/p>\n","protected":false},"excerpt":{"rendered":"<p>Pelo menos 700 brasileiros com patrim\u00f4nio l\u00edquido superior a 1 milh\u00e3o de euros est\u00e3o morando em Portugal. Esse n\u00famero foi mapeado pela gestora de recursos Portogallo Family Office, que tem escrit\u00f3rios em Lisboa, S\u00e3o Paulo e Santa Catarina. \u201cTrata-se de um p\u00fablico bem exclusivo, que busca qualidade de vida, em especial, seguran\u00e7a\u201d, afirma Magda Portugal, CEO da Portogallo. Para Gustavo Caiuby, diretor da Heed Capital em Portugal, \u00e9 poss\u00edvel que o total de milion\u00e1rios brasileiros vivendo em territ\u00f3rio luso seja ainda maior. \u201cSetecentos \u00e9 um n\u00famero aproximado, mas creio que esse p\u00fablico j\u00e1 esteja em mil pessoas\u201d, afirma. Senior adviser [&hellip;]<\/p>\n","protected":false},"author":1,"featured_media":58704,"comment_status":"open","ping_status":"closed","sticky":false,"template":"","format":"standard","meta":{"_links_to":"","_links_to_target":""},"categories":[8,1],"tags":[],"views":1024,"_links":{"self":[{"href":"https:\/\/www.brazilianpress.com\/v1\/wp-json\/wp\/v2\/posts\/58703"}],"collection":[{"href":"https:\/\/www.brazilianpress.com\/v1\/wp-json\/wp\/v2\/posts"}],"about":[{"href":"https:\/\/www.brazilianpress.com\/v1\/wp-json\/wp\/v2\/types\/post"}],"author":[{"embeddable":true,"href":"https:\/\/www.brazilianpress.com\/v1\/wp-json\/wp\/v2\/users\/1"}],"replies":[{"embeddable":true,"href":"https:\/\/www.brazilianpress.com\/v1\/wp-json\/wp\/v2\/comments?post=58703"}],"version-history":[{"count":1,"href":"https:\/\/www.brazilianpress.com\/v1\/wp-json\/wp\/v2\/posts\/58703\/revisions"}],"predecessor-version":[{"id":58705,"href":"https:\/\/www.brazilianpress.com\/v1\/wp-json\/wp\/v2\/posts\/58703\/revisions\/58705"}],"wp:featuredmedia":[{"embeddable":true,"href":"https:\/\/www.brazilianpress.com\/v1\/wp-json\/wp\/v2\/media\/58704"}],"wp:attachment":[{"href":"https:\/\/www.brazilianpress.com\/v1\/wp-json\/wp\/v2\/media?parent=58703"}],"wp:term":[{"taxonomy":"category","embeddable":true,"href":"https:\/\/www.brazilianpress.com\/v1\/wp-json\/wp\/v2\/categories?post=58703"},{"taxonomy":"post_tag","embeddable":true,"href":"https:\/\/www.brazilianpress.com\/v1\/wp-json\/wp\/v2\/tags?post=58703"}],"curies":[{"name":"wp","href":"https:\/\/api.w.org\/{rel}","templated":true}]}}