{"id":58706,"date":"2024-09-05T14:11:21","date_gmt":"2024-09-05T18:11:21","guid":{"rendered":"https:\/\/www.brazilianpress.com\/v1\/?p=58706"},"modified":"2024-09-05T14:11:21","modified_gmt":"2024-09-05T18:11:21","slug":"muitos-brasileiros-dizem-que-se-sentem-desconectados-do-mundo-no-primeiro-dia-sem-o-twitter-x","status":"publish","type":"post","link":"https:\/\/www.brazilianpress.com\/v1\/2024\/09\/05\/muitos-brasileiros-dizem-que-se-sentem-desconectados-do-mundo-no-primeiro-dia-sem-o-twitter-x\/","title":{"rendered":"Muitos brasileiros dizem que se sentem desconectados do mundo no primeiro dia sem o Twitter\/X"},"content":{"rendered":"<p><strong>No in\u00edcio deste s\u00e1bado (31), ap\u00f3s determina\u00e7\u00e3o do ministro Alexandre de Moraes, do Supremo Tribunal Federal (STF), o X (antigo Twitter) come\u00e7ou a ficar indispon\u00edvel no Brasil. A partir da decis\u00e3o do magistrado, a\u00a0 Agencia Nacional de Telecomunica\u00e7\u00f5es foi notificada para encaminhar o pedido de suspens\u00e3o de acesso \u00e0 rede social para as operadoras de internet no pa\u00eds.<\/strong><\/p>\n<p>O encerramento da plataforma de Elon Musk no Brasil come\u00e7ou no s\u00e1bado, tornando-a praticamente inacess\u00edvel na internet e em aplica\u00e7\u00f5es m\u00f3veis. Isso ocorreu depois que o bilion\u00e1rio se recusou a nomear um representante legal no pa\u00eds, descumprindo o prazo imposto por Alexandre de Moraes, juiz do Supremo Tribunal Federal.<\/p>\n<p>O bloqueio marca uma intensifica\u00e7\u00e3o de uma disputa de meses entre Musk e De Moraes sobre liberdade de express\u00e3o, fake news, contas de extrema direita e desinforma\u00e7\u00e3o. O Brasil \u00e9 um dos maiores mercados para X, com dezenas de milh\u00f5es de usu\u00e1rios. Ainda na sexta-feira (30), a entidade Conexis Brasil Digital, que re\u00fane Claro, TIM, Vivo, Oi, Algar Telecom e Sercomtel, confirmou o recebimento da notifica\u00e7\u00e3o e informou que suas associadas \u201ccumprir\u00e3o decis\u00f5es judiciais aplic\u00e1veis \u00e0s suas redes\u201d.<\/p>\n<p>A Bluesky, rede social lan\u00e7ada no ano passado para competir com X e outras redes sociais mais conhecidas, teve um grande aumento de usu\u00e1rios brasileiros nos \u00faltimos dois dias. A empresa disse na sexta-feira que adicionou cerca de 200 mil novos usu\u00e1rios do Brasil durante esse per\u00edodo e que o n\u00famero \u201ccontinua a crescer minuto a minuto\u201d. Artistas pop e seus f\u00e3s tamb\u00e9m foram afetados depois que X se tornou inacess\u00edvel no Brasil.<\/p>\n","protected":false},"excerpt":{"rendered":"<p>No in\u00edcio deste s\u00e1bado (31), ap\u00f3s determina\u00e7\u00e3o do ministro Alexandre de Moraes, do Supremo Tribunal Federal (STF), o X (antigo Twitter) come\u00e7ou a ficar indispon\u00edvel no Brasil. A partir da decis\u00e3o do magistrado, a\u00a0 Agencia Nacional de Telecomunica\u00e7\u00f5es foi notificada para encaminhar o pedido de suspens\u00e3o de acesso \u00e0 rede social para as operadoras de internet no pa\u00eds. O encerramento da plataforma de Elon Musk no Brasil come\u00e7ou no s\u00e1bado, tornando-a praticamente inacess\u00edvel na internet e em aplica\u00e7\u00f5es m\u00f3veis. Isso ocorreu depois que o bilion\u00e1rio se recusou a nomear um representante legal no pa\u00eds, descumprindo o prazo imposto por Alexandre [&hellip;]<\/p>\n","protected":false},"author":1,"featured_media":58707,"comment_status":"open","ping_status":"closed","sticky":false,"template":"","format":"standard","meta":{"_links_to":"","_links_to_target":""},"categories":[7,1],"tags":[],"views":924,"_links":{"self":[{"href":"https:\/\/www.brazilianpress.com\/v1\/wp-json\/wp\/v2\/posts\/58706"}],"collection":[{"href":"https:\/\/www.brazilianpress.com\/v1\/wp-json\/wp\/v2\/posts"}],"about":[{"href":"https:\/\/www.brazilianpress.com\/v1\/wp-json\/wp\/v2\/types\/post"}],"author":[{"embeddable":true,"href":"https:\/\/www.brazilianpress.com\/v1\/wp-json\/wp\/v2\/users\/1"}],"replies":[{"embeddable":true,"href":"https:\/\/www.brazilianpress.com\/v1\/wp-json\/wp\/v2\/comments?post=58706"}],"version-history":[{"count":1,"href":"https:\/\/www.brazilianpress.com\/v1\/wp-json\/wp\/v2\/posts\/58706\/revisions"}],"predecessor-version":[{"id":58708,"href":"https:\/\/www.brazilianpress.com\/v1\/wp-json\/wp\/v2\/posts\/58706\/revisions\/58708"}],"wp:featuredmedia":[{"embeddable":true,"href":"https:\/\/www.brazilianpress.com\/v1\/wp-json\/wp\/v2\/media\/58707"}],"wp:attachment":[{"href":"https:\/\/www.brazilianpress.com\/v1\/wp-json\/wp\/v2\/media?parent=58706"}],"wp:term":[{"taxonomy":"category","embeddable":true,"href":"https:\/\/www.brazilianpress.com\/v1\/wp-json\/wp\/v2\/categories?post=58706"},{"taxonomy":"post_tag","embeddable":true,"href":"https:\/\/www.brazilianpress.com\/v1\/wp-json\/wp\/v2\/tags?post=58706"}],"curies":[{"name":"wp","href":"https:\/\/api.w.org\/{rel}","templated":true}]}}