{"id":58776,"date":"2024-09-18T13:57:24","date_gmt":"2024-09-18T17:57:24","guid":{"rendered":"https:\/\/www.brazilianpress.com\/v1\/?p=58776"},"modified":"2024-09-18T13:57:24","modified_gmt":"2024-09-18T17:57:24","slug":"social-press-18-09-2024","status":"publish","type":"post","link":"https:\/\/www.brazilianpress.com\/v1\/2024\/09\/18\/social-press-18-09-2024\/","title":{"rendered":"Social Press . 18\/09\/2024"},"content":{"rendered":"<p><em><strong><img loading=\"lazy\" class=\"alignnone size-full wp-image-58771\" src=\"https:\/\/www.brazilianpress.com\/v1\/wp-content\/uploads\/2024\/09\/foto-1o-Aniversariantes-Mattheus-de-souza.jpg\" alt=\"\" width=\"700\" height=\"758\" srcset=\"https:\/\/www.brazilianpress.com\/v1\/wp-content\/uploads\/2024\/09\/foto-1o-Aniversariantes-Mattheus-de-souza.jpg 700w, https:\/\/www.brazilianpress.com\/v1\/wp-content\/uploads\/2024\/09\/foto-1o-Aniversariantes-Mattheus-de-souza-277x300.jpg 277w\" sizes=\"(max-width: 700px) 100vw, 700px\" \/><br \/>\nO aniversariante Mattheus\u00a0 de Souza e Emily Melberg comemorando o niver com muita alegria. We love you!<\/strong><\/em><\/p>\n<p><em><strong><img loading=\"lazy\" class=\"alignnone size-full wp-image-58772\" src=\"https:\/\/www.brazilianpress.com\/v1\/wp-content\/uploads\/2024\/09\/foto-2-Sebastiao-o-tiao-M.jpg\" alt=\"\" width=\"700\" height=\"525\" srcset=\"https:\/\/www.brazilianpress.com\/v1\/wp-content\/uploads\/2024\/09\/foto-2-Sebastiao-o-tiao-M.jpg 700w, https:\/\/www.brazilianpress.com\/v1\/wp-content\/uploads\/2024\/09\/foto-2-Sebastiao-o-tiao-M-300x225.jpg 300w, https:\/\/www.brazilianpress.com\/v1\/wp-content\/uploads\/2024\/09\/foto-2-Sebastiao-o-tiao-M-180x135.jpg 180w, https:\/\/www.brazilianpress.com\/v1\/wp-content\/uploads\/2024\/09\/foto-2-Sebastiao-o-tiao-M-400x300.jpg 400w, https:\/\/www.brazilianpress.com\/v1\/wp-content\/uploads\/2024\/09\/foto-2-Sebastiao-o-tiao-M-600x450.jpg 600w\" sizes=\"(max-width: 700px) 100vw, 700px\" \/><br \/>\nSebati\u00e3o Souza \u00a0o \u201cTi\u00e3o M\u201d para os que conhecem \u00e9 um dos aniversariantes da fam\u00edlia Souza, Parab\u00e9ns!<\/strong><\/em><\/p>\n<p><em><strong><img loading=\"lazy\" class=\"alignnone size-full wp-image-58767\" src=\"https:\/\/www.brazilianpress.com\/v1\/wp-content\/uploads\/2024\/09\/foto-3-Partor-Marcelo-de-Souza.jpg\" alt=\"\" width=\"693\" height=\"900\" srcset=\"https:\/\/www.brazilianpress.com\/v1\/wp-content\/uploads\/2024\/09\/foto-3-Partor-Marcelo-de-Souza.jpg 693w, https:\/\/www.brazilianpress.com\/v1\/wp-content\/uploads\/2024\/09\/foto-3-Partor-Marcelo-de-Souza-231x300.jpg 231w\" sizes=\"(max-width: 693px) 100vw, 693px\" \/><br \/>\nPastor Marcelo de Souza tamb\u00e9m \u00e9 um \u00a0aniversariante do m\u00eas de Setembro. Happy birthday!<\/strong><\/em><\/p>\n<p><em><strong><img loading=\"lazy\" class=\"alignnone size-full wp-image-58768\" src=\"https:\/\/www.brazilianpress.com\/v1\/wp-content\/uploads\/2024\/09\/foto-4-Happy-birthday-ao-camarada-Edvaldo.jpg\" alt=\"\" width=\"675\" height=\"900\" srcset=\"https:\/\/www.brazilianpress.com\/v1\/wp-content\/uploads\/2024\/09\/foto-4-Happy-birthday-ao-camarada-Edvaldo.jpg 675w, https:\/\/www.brazilianpress.com\/v1\/wp-content\/uploads\/2024\/09\/foto-4-Happy-birthday-ao-camarada-Edvaldo-225x300.jpg 225w\" sizes=\"(max-width: 675px) 100vw, 675px\" \/><br \/>\nHappy birthday ao camarada Edvaldo de Souza que comemora mais um ano de vida, Parab\u00e9ns!<\/strong><\/em><\/p>\n<p><em><strong><img loading=\"lazy\" class=\"alignnone size-full wp-image-58773\" src=\"https:\/\/www.brazilianpress.com\/v1\/wp-content\/uploads\/2024\/09\/foto-5-O-casal-Keller-e-a-filha.jpg\" alt=\"\" width=\"700\" height=\"672\" srcset=\"https:\/\/www.brazilianpress.com\/v1\/wp-content\/uploads\/2024\/09\/foto-5-O-casal-Keller-e-a-filha.jpg 700w, https:\/\/www.brazilianpress.com\/v1\/wp-content\/uploads\/2024\/09\/foto-5-O-casal-Keller-e-a-filha-300x288.jpg 300w\" sizes=\"(max-width: 700px) 100vw, 700px\" \/><br \/>\nO casal\u00a0 Keller e a filha comemorando o niver do esposo e pai Luan Keller, parab\u00e9ns e muitas felicidades!<\/strong><\/em><\/p>\n<p><em><strong><img loading=\"lazy\" class=\"alignnone size-full wp-image-58774\" src=\"https:\/\/www.brazilianpress.com\/v1\/wp-content\/uploads\/2024\/09\/foto-6-Michael-Silva.jpg\" alt=\"\" width=\"700\" height=\"712\" srcset=\"https:\/\/www.brazilianpress.com\/v1\/wp-content\/uploads\/2024\/09\/foto-6-Michael-Silva.jpg 700w, https:\/\/www.brazilianpress.com\/v1\/wp-content\/uploads\/2024\/09\/foto-6-Michael-Silva-295x300.jpg 295w\" sizes=\"(max-width: 700px) 100vw, 700px\" \/><br \/>\nSempre presente nos Eventos comunit\u00e1rios de Nossa Cidade, o Vereador Michael Silva e o organizador do Picnic Sports Clube Portugues, realizaram uma grande Festa no Cruz Farms, reunindo v\u00e1rias Fam\u00edlias e Crian\u00e7as. Parab\u00e9ns pelo exceptional trabalho!<\/strong><\/em><\/p>\n<p><em><strong><img loading=\"lazy\" class=\"alignnone size-full wp-image-58769\" src=\"https:\/\/www.brazilianpress.com\/v1\/wp-content\/uploads\/2024\/09\/foto-7.jpg\" alt=\"\" width=\"675\" height=\"900\" srcset=\"https:\/\/www.brazilianpress.com\/v1\/wp-content\/uploads\/2024\/09\/foto-7.jpg 675w, https:\/\/www.brazilianpress.com\/v1\/wp-content\/uploads\/2024\/09\/foto-7-225x300.jpg 225w\" sizes=\"(max-width: 675px) 100vw, 675px\" \/><br \/>\nNossas felicita\u00e7\u00f5es ao Aniversariante Anderson Pinto. Esse Atleta \u00e9 Campe\u00e3o de Maratonas e tamb\u00e9m Mestre da Dan\u00e7a e do Samba. Ele aproveitou o carinho da Mam\u00e3e durante visita a Lady Liberty. Parab\u00e9ns!<\/strong><\/em><\/p>\n<p><img loading=\"lazy\" class=\"alignnone size-full wp-image-58775\" src=\"https:\/\/www.brazilianpress.com\/v1\/wp-content\/uploads\/2024\/09\/foto-8-Nos-da-familia-BP.jpg\" alt=\"\" width=\"700\" height=\"745\" srcset=\"https:\/\/www.brazilianpress.com\/v1\/wp-content\/uploads\/2024\/09\/foto-8-Nos-da-familia-BP.jpg 700w, https:\/\/www.brazilianpress.com\/v1\/wp-content\/uploads\/2024\/09\/foto-8-Nos-da-familia-BP-282x300.jpg 282w\" sizes=\"(max-width: 700px) 100vw, 700px\" \/><\/p>\n","protected":false},"excerpt":{"rendered":"<p>O aniversariante Mattheus\u00a0 de Souza e Emily Melberg comemorando o niver com muita alegria. We love you! Sebati\u00e3o Souza \u00a0o \u201cTi\u00e3o M\u201d para os que conhecem \u00e9 um dos aniversariantes da fam\u00edlia Souza, Parab\u00e9ns! Pastor Marcelo de Souza tamb\u00e9m \u00e9 um \u00a0aniversariante do m\u00eas de Setembro. Happy birthday! Happy birthday ao camarada Edvaldo de Souza que comemora mais um ano de vida, Parab\u00e9ns! O casal\u00a0 Keller e a filha comemorando o niver do esposo e pai Luan Keller, parab\u00e9ns e muitas felicidades! Sempre presente nos Eventos comunit\u00e1rios de Nossa Cidade, o Vereador Michael Silva e o organizador do Picnic Sports [&hellip;]<\/p>\n","protected":false},"author":1,"featured_media":58770,"comment_status":"open","ping_status":"closed","sticky":false,"template":"","format":"standard","meta":{"_links_to":"","_links_to_target":""},"categories":[3,1,6],"tags":[],"views":1458,"_links":{"self":[{"href":"https:\/\/www.brazilianpress.com\/v1\/wp-json\/wp\/v2\/posts\/58776"}],"collection":[{"href":"https:\/\/www.brazilianpress.com\/v1\/wp-json\/wp\/v2\/posts"}],"about":[{"href":"https:\/\/www.brazilianpress.com\/v1\/wp-json\/wp\/v2\/types\/post"}],"author":[{"embeddable":true,"href":"https:\/\/www.brazilianpress.com\/v1\/wp-json\/wp\/v2\/users\/1"}],"replies":[{"embeddable":true,"href":"https:\/\/www.brazilianpress.com\/v1\/wp-json\/wp\/v2\/comments?post=58776"}],"version-history":[{"count":1,"href":"https:\/\/www.brazilianpress.com\/v1\/wp-json\/wp\/v2\/posts\/58776\/revisions"}],"predecessor-version":[{"id":58777,"href":"https:\/\/www.brazilianpress.com\/v1\/wp-json\/wp\/v2\/posts\/58776\/revisions\/58777"}],"wp:featuredmedia":[{"embeddable":true,"href":"https:\/\/www.brazilianpress.com\/v1\/wp-json\/wp\/v2\/media\/58770"}],"wp:attachment":[{"href":"https:\/\/www.brazilianpress.com\/v1\/wp-json\/wp\/v2\/media?parent=58776"}],"wp:term":[{"taxonomy":"category","embeddable":true,"href":"https:\/\/www.brazilianpress.com\/v1\/wp-json\/wp\/v2\/categories?post=58776"},{"taxonomy":"post_tag","embeddable":true,"href":"https:\/\/www.brazilianpress.com\/v1\/wp-json\/wp\/v2\/tags?post=58776"}],"curies":[{"name":"wp","href":"https:\/\/api.w.org\/{rel}","templated":true}]}}