{"id":58802,"date":"2024-09-19T10:02:23","date_gmt":"2024-09-19T14:02:23","guid":{"rendered":"https:\/\/www.brazilianpress.com\/v1\/?p=58802"},"modified":"2024-09-19T10:02:23","modified_gmt":"2024-09-19T14:02:23","slug":"os-8-remedios-naturais-que-deus-deixou-para-a-humanidade","status":"publish","type":"post","link":"https:\/\/www.brazilianpress.com\/v1\/2024\/09\/19\/os-8-remedios-naturais-que-deus-deixou-para-a-humanidade\/","title":{"rendered":"Os 8 Rem\u00e9dios Naturais que Deus Deixou para a Humanidade"},"content":{"rendered":"<p><strong><em>By Felipe Soares<\/em><\/strong><\/p>\n<p><strong><em>Info: lipexx33@gmail.com<\/em><\/strong><\/p>\n<p><img loading=\"lazy\" class=\" wp-image-58710 alignright\" src=\"https:\/\/www.brazilianpress.com\/v1\/wp-content\/uploads\/2024\/09\/Foto-colunista-SAUDE-FELIPE-SOARES.jpg\" alt=\"\" width=\"244\" height=\"244\" srcset=\"https:\/\/www.brazilianpress.com\/v1\/wp-content\/uploads\/2024\/09\/Foto-colunista-SAUDE-FELIPE-SOARES.jpg 700w, https:\/\/www.brazilianpress.com\/v1\/wp-content\/uploads\/2024\/09\/Foto-colunista-SAUDE-FELIPE-SOARES-300x300.jpg 300w, https:\/\/www.brazilianpress.com\/v1\/wp-content\/uploads\/2024\/09\/Foto-colunista-SAUDE-FELIPE-SOARES-150x150.jpg 150w, https:\/\/www.brazilianpress.com\/v1\/wp-content\/uploads\/2024\/09\/Foto-colunista-SAUDE-FELIPE-SOARES-180x180.jpg 180w, https:\/\/www.brazilianpress.com\/v1\/wp-content\/uploads\/2024\/09\/Foto-colunista-SAUDE-FELIPE-SOARES-400x400.jpg 400w, https:\/\/www.brazilianpress.com\/v1\/wp-content\/uploads\/2024\/09\/Foto-colunista-SAUDE-FELIPE-SOARES-600x600.jpg 600w\" sizes=\"(max-width: 244px) 100vw, 244px\" \/>Na agita\u00e7\u00e3o da vida moderna, \u00e9 f\u00e1cil esquecer as pr\u00e1ticas simples e naturais que Deus nos deu para cuidar de nossa sa\u00fade e bem-estar. Desde o princ\u00edpio, Ele proveu tudo o que precisamos para viver de forma saud\u00e1vel, plena e equilibrada. Esses rem\u00e9dios naturais n\u00e3o s\u00e3o apenas acess\u00edveis, mas tamb\u00e9m profundamente eficazes, quando seguidos de maneira regular e consciente. Vamos explorar esses oito rem\u00e9dios que a sabedoria divina nos oferece.<\/p>\n<ol>\n<li><strong> \u00c1gua: A Ess\u00eancia da Vida<\/strong><\/li>\n<\/ol>\n<p>A \u00e1gua \u00e9 fundamental para a vida. Nosso corpo depende dela para praticamente todas as fun\u00e7\u00f5es biol\u00f3gicas, desde a digest\u00e3o at\u00e9 a circula\u00e7\u00e3o. A ingest\u00e3o adequada de \u00e1gua mant\u00e9m nossos \u00f3rg\u00e3os funcionando corretamente, ajuda na elimina\u00e7\u00e3o de toxinas e promove uma pele saud\u00e1vel. Beber \u00e1gua em abund\u00e2ncia \u00e9 um dos atos mais simples e ben\u00e9ficos para nossa sa\u00fade.<\/p>\n<p><strong>Refer\u00eancia:<\/strong> Popkin, B. M., D&#8217;Anci, K. E., &amp; Rosenberg, I. H. (2010). Water, hydration, and health. <em>Nutrition Reviews<\/em>, 68(8), 439-458.<\/p>\n<ol start=\"2\">\n<li><strong> Ar Puro: O Sopro da Vida<\/strong><\/li>\n<\/ol>\n<p>O ar puro \u00e9 vital para nossa sa\u00fade. A oxigena\u00e7\u00e3o adequada do sangue, proporcionada pela respira\u00e7\u00e3o de ar fresco, \u00e9 essencial para a energia celular e a fun\u00e7\u00e3o cerebral. Passar tempo ao ar livre, longe da polui\u00e7\u00e3o, fortalece o sistema imunol\u00f3gico e melhora a sa\u00fade mental. Respirar profundamente o ar da natureza \u00e9 um presente de Deus que revitaliza o corpo e a mente.<\/p>\n<p><strong>Refer\u00eancia:<\/strong> Schraufnagel, D. E., et al. (2019). Air pollution and noncommunicable diseases: A review by the Forum of International Respiratory Societies\u2019 Environmental Committee. <em>Chest<\/em>, 155(2), 409-416.<\/p>\n<ol start=\"3\">\n<li><strong> Luz Solar: A Fonte de Energia<\/strong><\/li>\n<\/ol>\n<p>A luz solar \u00e9 indispens\u00e1vel para a produ\u00e7\u00e3o de vitamina D, que \u00e9 crucial para a sa\u00fade dos ossos e do sistema imunol\u00f3gico. Al\u00e9m disso, a exposi\u00e7\u00e3o ao sol regula o nosso ritmo circadiano, ajudando a melhorar o sono e o humor. Deus criou o sol para nos nutrir e fortalecer, e absorver sua luz com modera\u00e7\u00e3o \u00e9 essencial para nossa sa\u00fade.<\/p>\n<p><strong>Refer\u00eancia:<\/strong> Holick, M. F. (2017). The vitamin D deficiency pandemic: Approaches for diagnosis, treatment, and prevention. <em>Reviews in Endocrine and Metabolic Disorders<\/em>, 18(2), 153-165.<\/p>\n<ol start=\"4\">\n<li><strong> Alimenta\u00e7\u00e3o Saud\u00e1vel: O Combust\u00edvel para o Corpo<\/strong><\/li>\n<\/ol>\n<p>Deus nos deu uma grande variedade de alimentos naturais que s\u00e3o fundamentais para nossa sa\u00fade. Frutas, legumes, gr\u00e3os integrais e prote\u00ednas magras fornecem os nutrientes necess\u00e1rios para prevenir doen\u00e7as e manter nosso corpo funcionando bem. Uma alimenta\u00e7\u00e3o equilibrada \u00e9 um dos pilares para uma vida longa e saud\u00e1vel.<\/p>\n<p><strong>Refer\u00eancia:<\/strong> Willett, W., et al. (2019). Food in the Anthropocene: the EAT\u2013Lancet Commission on healthy diets from sustainable food systems. <em>The Lancet<\/em>, 393(10170), 447-492.<\/p>\n<ol start=\"5\">\n<li><strong> Exerc\u00edcio F\u00edsico: O Movimento da Vida<\/strong><\/li>\n<\/ol>\n<p>O exerc\u00edcio f\u00edsico \u00e9 vital para a sa\u00fade do corpo e da mente. Ele fortalece os m\u00fasculos, melhora a circula\u00e7\u00e3o, e \u00e9 uma das melhores formas de combater o estresse e a depress\u00e3o. Movimentar-se \u00e9 uma maneira de honrar o corpo que Deus nos deu, mantendo-o forte e saud\u00e1vel.<\/p>\n<p><strong>Refer\u00eancia:<\/strong> Warburton, D. E., &amp; Bredin, S. S. (2017). Health benefits of physical activity: A systematic review of current systematic reviews. <em>Current Opinion in Cardiology<\/em>, 32(5), 541-556.<\/p>\n<ol start=\"6\">\n<li><strong> Descanso: O Tempo de Restaura\u00e7\u00e3o<\/strong><\/li>\n<\/ol>\n<p>Descansar \u00e9 essencial para a regenera\u00e7\u00e3o do corpo e da mente. Dormir o suficiente melhora a fun\u00e7\u00e3o cognitiva, regula as emo\u00e7\u00f5es e fortalece o sistema imunol\u00f3gico. Deus nos mostrou a import\u00e2ncia do descanso ao descansar no s\u00e9timo dia, indicando que devemos seguir esse exemplo e encontrar um equil\u00edbrio entre trabalho e repouso.<\/p>\n<p><strong>Refer\u00eancia:<\/strong> Hirshkowitz, M., et al. (2015). National Sleep Foundation\u2019s sleep time duration recommendations: Methodology and results summary. <em>Sleep Health<\/em>, 1(1), 40-43.<\/p>\n<ol start=\"7\">\n<li><strong> Temperan\u00e7a: O Uso Moderado de Tudo<\/strong><\/li>\n<\/ol>\n<p>A temperan\u00e7a \u00e9 o princ\u00edpio do equil\u00edbrio em todas as coisas. Evitar excessos e abster-se de pr\u00e1ticas prejudiciais, como o uso excessivo de \u00e1lcool e outras subst\u00e2ncias, \u00e9 essencial para uma vida saud\u00e1vel. A modera\u00e7\u00e3o \u00e9 uma virtude que Deus nos orienta a seguir, para que possamos cuidar do corpo e da mente com sabedoria.<\/p>\n<p><strong>Refer\u00eancia:<\/strong> Rehm, J., et al. (2020). Alcohol consumption. A leading risk factor for global disease burden and cancer. <em>Chemico-Biological Interactions<\/em>, 331, 109280.<\/p>\n<ol start=\"8\">\n<li><strong> Confian\u00e7a em Deus: A Paz Interior<\/strong><\/li>\n<\/ol>\n<p>A f\u00e9 e a confian\u00e7a em Deus s\u00e3o o alicerce de uma vida equilibrada e saud\u00e1vel. A espiritualidade nos oferece paz interior, reduz o estresse e nos d\u00e1 um prop\u00f3sito. Confiar em Deus, praticar a ora\u00e7\u00e3o e cultivar uma rela\u00e7\u00e3o espiritual s\u00e3o formas de cuidar da sa\u00fade mental e emocional, permitindo-nos viver de maneira plena e harmoniosa.<\/p>\n<p><strong>Refer\u00eancia:<\/strong> Koenig, H. G. (2015). Religion, spirituality, and health: A review and update. <em>Advances in Mind-Body Medicine<\/em>, 29(3), 19-26.<\/p>\n<p><strong>Conclus\u00e3o<\/strong><\/p>\n<p>Esses oito rem\u00e9dios naturais s\u00e3o d\u00e1divas divinas que nos ajudam a manter a sa\u00fade f\u00edsica, mental e espiritual. Ao incorpor\u00e1-los em nossa rotina di\u00e1ria, podemos viver de maneira equilibrada, honrando o corpo e a vida que Deus nos deu. A simplicidade e a efic\u00e1cia desses rem\u00e9dios nos mostram que, muitas vezes, as solu\u00e7\u00f5es para uma vida saud\u00e1vel est\u00e3o ao nosso alcance, diretamente da natureza criada por Deus.<\/p>\n","protected":false},"excerpt":{"rendered":"<p>By Felipe Soares Info: lipexx33@gmail.com Na agita\u00e7\u00e3o da vida moderna, \u00e9 f\u00e1cil esquecer as pr\u00e1ticas simples e naturais que Deus nos deu para cuidar de nossa sa\u00fade e bem-estar. Desde o princ\u00edpio, Ele proveu tudo o que precisamos para viver de forma saud\u00e1vel, plena e equilibrada. Esses rem\u00e9dios naturais n\u00e3o s\u00e3o apenas acess\u00edveis, mas tamb\u00e9m profundamente eficazes, quando seguidos de maneira regular e consciente. Vamos explorar esses oito rem\u00e9dios que a sabedoria divina nos oferece. \u00c1gua: A Ess\u00eancia da Vida A \u00e1gua \u00e9 fundamental para a vida. Nosso corpo depende dela para praticamente todas as fun\u00e7\u00f5es biol\u00f3gicas, desde a digest\u00e3o [&hellip;]<\/p>\n","protected":false},"author":1,"featured_media":58803,"comment_status":"open","ping_status":"closed","sticky":false,"template":"","format":"standard","meta":{"_links_to":"","_links_to_target":""},"categories":[4,1],"tags":[],"views":1166,"_links":{"self":[{"href":"https:\/\/www.brazilianpress.com\/v1\/wp-json\/wp\/v2\/posts\/58802"}],"collection":[{"href":"https:\/\/www.brazilianpress.com\/v1\/wp-json\/wp\/v2\/posts"}],"about":[{"href":"https:\/\/www.brazilianpress.com\/v1\/wp-json\/wp\/v2\/types\/post"}],"author":[{"embeddable":true,"href":"https:\/\/www.brazilianpress.com\/v1\/wp-json\/wp\/v2\/users\/1"}],"replies":[{"embeddable":true,"href":"https:\/\/www.brazilianpress.com\/v1\/wp-json\/wp\/v2\/comments?post=58802"}],"version-history":[{"count":1,"href":"https:\/\/www.brazilianpress.com\/v1\/wp-json\/wp\/v2\/posts\/58802\/revisions"}],"predecessor-version":[{"id":58804,"href":"https:\/\/www.brazilianpress.com\/v1\/wp-json\/wp\/v2\/posts\/58802\/revisions\/58804"}],"wp:featuredmedia":[{"embeddable":true,"href":"https:\/\/www.brazilianpress.com\/v1\/wp-json\/wp\/v2\/media\/58803"}],"wp:attachment":[{"href":"https:\/\/www.brazilianpress.com\/v1\/wp-json\/wp\/v2\/media?parent=58802"}],"wp:term":[{"taxonomy":"category","embeddable":true,"href":"https:\/\/www.brazilianpress.com\/v1\/wp-json\/wp\/v2\/categories?post=58802"},{"taxonomy":"post_tag","embeddable":true,"href":"https:\/\/www.brazilianpress.com\/v1\/wp-json\/wp\/v2\/tags?post=58802"}],"curies":[{"name":"wp","href":"https:\/\/api.w.org\/{rel}","templated":true}]}}