{"id":58808,"date":"2024-09-19T14:30:26","date_gmt":"2024-09-19T18:30:26","guid":{"rendered":"https:\/\/www.brazilianpress.com\/v1\/?p=58808"},"modified":"2024-09-19T14:30:26","modified_gmt":"2024-09-19T18:30:26","slug":"cruzeiro-informa-lesao-muscular-de-meia-vitinho","status":"publish","type":"post","link":"https:\/\/www.brazilianpress.com\/v1\/2024\/09\/19\/cruzeiro-informa-lesao-muscular-de-meia-vitinho\/","title":{"rendered":"Cruzeiro informa les\u00e3o muscular de meia Vitinho"},"content":{"rendered":"<p><strong>A derrota para o S\u00e3o Paulo n\u00e3o foi \u00fanico problema para o\u00a0Cruzeiro\u00a0nos pr\u00f3ximos dias. Durante a partida, o meia Vitinho sofreu les\u00e3o muscular na coxa direita. A informa\u00e7\u00e3o foi divulgada pelo club nesta segunda-feira, ap\u00f3s o resultado dos exames de imagem.<\/strong><\/p>\n<p>De acordo com o comunicado, o tratamento indicado para o caso \u00e9 conservador. N\u00e3o foi divulgado o tempo de recupera\u00e7\u00e3o.<\/p>\n<p>Vitinho, de 20 anos, foi titular do Cruzeiro na derrota por 1 a 0 para o S\u00e3o Paulo, domingo, no Mineir\u00e3o, pelo Brasileiro. Ele se lesionou na etapa final. Foi substitu\u00eddo por Gabriel Veron, ap\u00f3s deixar o gramado no carrinho maca e chorando.<\/p>\n<p>Revelado nas categorias de base da equipe, o meia atuou como titular pela primeira vez no profissional, contra o S\u00e3o Paulo. Ao todo, tem 21 partidas pela equipe. O pr\u00f3ximo compromisso do Cruzeiro \u00e9 nesta quinta-feira, quando enfrenta o Libertad \u00e0s 21h30, em Assun\u00e7\u00e3o, pela Sul-Americana.<\/p>\n","protected":false},"excerpt":{"rendered":"<p>A derrota para o S\u00e3o Paulo n\u00e3o foi \u00fanico problema para o\u00a0Cruzeiro\u00a0nos pr\u00f3ximos dias. Durante a partida, o meia Vitinho sofreu les\u00e3o muscular na coxa direita. A informa\u00e7\u00e3o foi divulgada pelo club nesta segunda-feira, ap\u00f3s o resultado dos exames de imagem. De acordo com o comunicado, o tratamento indicado para o caso \u00e9 conservador. N\u00e3o foi divulgado o tempo de recupera\u00e7\u00e3o. Vitinho, de 20 anos, foi titular do Cruzeiro na derrota por 1 a 0 para o S\u00e3o Paulo, domingo, no Mineir\u00e3o, pelo Brasileiro. Ele se lesionou na etapa final. Foi substitu\u00eddo por Gabriel Veron, ap\u00f3s deixar o gramado no [&hellip;]<\/p>\n","protected":false},"author":1,"featured_media":58809,"comment_status":"open","ping_status":"closed","sticky":false,"template":"","format":"standard","meta":{"_links_to":"","_links_to_target":""},"categories":[9,1],"tags":[],"views":857,"_links":{"self":[{"href":"https:\/\/www.brazilianpress.com\/v1\/wp-json\/wp\/v2\/posts\/58808"}],"collection":[{"href":"https:\/\/www.brazilianpress.com\/v1\/wp-json\/wp\/v2\/posts"}],"about":[{"href":"https:\/\/www.brazilianpress.com\/v1\/wp-json\/wp\/v2\/types\/post"}],"author":[{"embeddable":true,"href":"https:\/\/www.brazilianpress.com\/v1\/wp-json\/wp\/v2\/users\/1"}],"replies":[{"embeddable":true,"href":"https:\/\/www.brazilianpress.com\/v1\/wp-json\/wp\/v2\/comments?post=58808"}],"version-history":[{"count":1,"href":"https:\/\/www.brazilianpress.com\/v1\/wp-json\/wp\/v2\/posts\/58808\/revisions"}],"predecessor-version":[{"id":58810,"href":"https:\/\/www.brazilianpress.com\/v1\/wp-json\/wp\/v2\/posts\/58808\/revisions\/58810"}],"wp:featuredmedia":[{"embeddable":true,"href":"https:\/\/www.brazilianpress.com\/v1\/wp-json\/wp\/v2\/media\/58809"}],"wp:attachment":[{"href":"https:\/\/www.brazilianpress.com\/v1\/wp-json\/wp\/v2\/media?parent=58808"}],"wp:term":[{"taxonomy":"category","embeddable":true,"href":"https:\/\/www.brazilianpress.com\/v1\/wp-json\/wp\/v2\/categories?post=58808"},{"taxonomy":"post_tag","embeddable":true,"href":"https:\/\/www.brazilianpress.com\/v1\/wp-json\/wp\/v2\/tags?post=58808"}],"curies":[{"name":"wp","href":"https:\/\/api.w.org\/{rel}","templated":true}]}}