{"id":58823,"date":"2024-09-19T14:50:48","date_gmt":"2024-09-19T18:50:48","guid":{"rendered":"https:\/\/www.brazilianpress.com\/v1\/?p=58823"},"modified":"2024-09-19T14:50:48","modified_gmt":"2024-09-19T18:50:48","slug":"campanha-para-ajudar-marcelo-a-lutar-pela-vida","status":"publish","type":"post","link":"https:\/\/www.brazilianpress.com\/v1\/2024\/09\/19\/campanha-para-ajudar-marcelo-a-lutar-pela-vida\/","title":{"rendered":"Campanha para ajudar Marcelo a lutar pela vida"},"content":{"rendered":"<p><strong>O brasileiro Marcelo, 47 anos, residente em nossa comunidade \u00e9 casado e tem uma filha de 15 anos, o mesmo encontra-se extremamente doente e ap\u00f3s muitos e exaustivos exames foi diagnosticado com L\u00fapus, doen\u00e7a autoimune que impossibilita a pessoa de realizar as tarefas mais simples do dia a dia.<\/strong><\/p>\n<p>Apesar das medica\u00e7\u00f5es, Marcelo foi internado no dia 15 de julho, pela primeira vez acometido por pneumonia, fazendo com que seu quadro de sa\u00fade se agravasse muito. Ap\u00f3s uma semana de interna\u00e7\u00e3o, ele recebeu alta, mas ao voltar para casa, seu quadro de sa\u00fade continuou a se deteriorar, necessitando ser levado \u00e0s pressas para o hospital novamente, onde permanece internado entubado.<\/p>\n<p>Por estar muito doente Marcelo est\u00e1 impossibilitado de trabalhar e para manter a casa sua esposa tem trabalhado como house cleaner, n\u00e3o sendo isso suficiente para as necessidades da fam\u00edlia. No hospital Marcelo faz hemodi\u00e1lise, tem uma m\u00e1quina ligada ao cora\u00e7\u00e3o e pulm\u00f5es, bem como a coloca\u00e7\u00e3o de dois tubos no corpo para eliminar o excesso de ar que se acumula no seu corpo, uma vez que os \u00f3rg\u00e3os n\u00e3o funcionam sozinhos.<\/p>\n<p>Desta forma, a fam\u00edlia de Marcelo pede a ajuda de todos que tiverem possibilidade de doar qualquer quantia que seja, para poder fazer frente \u00e0s despesas at\u00e9 que ele recupere a sa\u00fade, tenha alta hospitalar e volte para casa.<\/p>\n<p>Por favor, ajude-nos a compartilhar esta campanha e, se poss\u00edvel, fa\u00e7a<br \/>\numa doa\u00e7\u00e3o. Sua generosidade e apoio podem ajudar Marcelo a voltar<br \/>\npara sua fam\u00edlia e dar a ele uma nova chance de vida.<\/p>\n<p>A fam\u00edlia agradece por todo o apoio, ora\u00e7\u00f5es e solidariedade.<br \/>\nVenmo \/ Zelle<br \/>\nSara +1 (862) 755-0792.<\/p>\n","protected":false},"excerpt":{"rendered":"<p>O brasileiro Marcelo, 47 anos, residente em nossa comunidade \u00e9 casado e tem uma filha de 15 anos, o mesmo encontra-se extremamente doente e ap\u00f3s muitos e exaustivos exames foi diagnosticado com L\u00fapus, doen\u00e7a autoimune que impossibilita a pessoa de realizar as tarefas mais simples do dia a dia. Apesar das medica\u00e7\u00f5es, Marcelo foi internado no dia 15 de julho, pela primeira vez acometido por pneumonia, fazendo com que seu quadro de sa\u00fade se agravasse muito. Ap\u00f3s uma semana de interna\u00e7\u00e3o, ele recebeu alta, mas ao voltar para casa, seu quadro de sa\u00fade continuou a se deteriorar, necessitando ser levado [&hellip;]<\/p>\n","protected":false},"author":1,"featured_media":58824,"comment_status":"open","ping_status":"closed","sticky":false,"template":"","format":"standard","meta":{"_links_to":"","_links_to_target":""},"categories":[4,3,1],"tags":[],"views":1703,"_links":{"self":[{"href":"https:\/\/www.brazilianpress.com\/v1\/wp-json\/wp\/v2\/posts\/58823"}],"collection":[{"href":"https:\/\/www.brazilianpress.com\/v1\/wp-json\/wp\/v2\/posts"}],"about":[{"href":"https:\/\/www.brazilianpress.com\/v1\/wp-json\/wp\/v2\/types\/post"}],"author":[{"embeddable":true,"href":"https:\/\/www.brazilianpress.com\/v1\/wp-json\/wp\/v2\/users\/1"}],"replies":[{"embeddable":true,"href":"https:\/\/www.brazilianpress.com\/v1\/wp-json\/wp\/v2\/comments?post=58823"}],"version-history":[{"count":1,"href":"https:\/\/www.brazilianpress.com\/v1\/wp-json\/wp\/v2\/posts\/58823\/revisions"}],"predecessor-version":[{"id":58825,"href":"https:\/\/www.brazilianpress.com\/v1\/wp-json\/wp\/v2\/posts\/58823\/revisions\/58825"}],"wp:featuredmedia":[{"embeddable":true,"href":"https:\/\/www.brazilianpress.com\/v1\/wp-json\/wp\/v2\/media\/58824"}],"wp:attachment":[{"href":"https:\/\/www.brazilianpress.com\/v1\/wp-json\/wp\/v2\/media?parent=58823"}],"wp:term":[{"taxonomy":"category","embeddable":true,"href":"https:\/\/www.brazilianpress.com\/v1\/wp-json\/wp\/v2\/categories?post=58823"},{"taxonomy":"post_tag","embeddable":true,"href":"https:\/\/www.brazilianpress.com\/v1\/wp-json\/wp\/v2\/tags?post=58823"}],"curies":[{"name":"wp","href":"https:\/\/api.w.org\/{rel}","templated":true}]}}