{"id":58827,"date":"2024-09-20T08:17:53","date_gmt":"2024-09-20T12:17:53","guid":{"rendered":"https:\/\/www.brazilianpress.com\/v1\/?p=58827"},"modified":"2024-09-20T08:17:53","modified_gmt":"2024-09-20T12:17:53","slug":"atencao-brasileira-e-presa-apos-atropelar-7-e-matar-duas-pessoas-na-italia-ela-estava-alcoolizada","status":"publish","type":"post","link":"https:\/\/www.brazilianpress.com\/v1\/2024\/09\/20\/atencao-brasileira-e-presa-apos-atropelar-7-e-matar-duas-pessoas-na-italia-ela-estava-alcoolizada\/","title":{"rendered":"Aten\u00e7\u00e3o: Brasileira \u00e9 presa ap\u00f3s atropelar 7 e matar duas pessoas na It\u00e1lia. Ela estava alcoolizada"},"content":{"rendered":"<p><strong>Uma brasileira de 44 anos, que ainda n\u00e3o teve a identidade confirmada, atropelou sete pessoas, deixando dois mortos e cinco feridos, em Lido di Camaiore, uma cidade litor\u00e2nea de Lucca, na It\u00e1lia, nesta quarta-feira (18). Segundo o jornal italiano &#8220;Il Messaggero&#8221;, ao ser abordada pela pol\u00edcia e pelas equipes de resgate, a mulher afirmou: &#8220;N\u00e3o me lembro do que aconteceu. Voc\u00eas est\u00e3o errados. N\u00e3o fui eu, n\u00e3o \u00e9 minha culpa&#8221;.<\/strong><\/p>\n<p>O relato bate com o de uma testemunha ouvida por outro jornal, o &#8220;La Nazione&#8221;. Um rapaz que passava pelo local contou que ela parecia n\u00e3o ter consci\u00eancia do que fez e teria dito: &#8220;Mas eu n\u00e3o percebi nada&#8221;. &#8220;Parecia completamente ausente, os olhos perdidos em um vazio dif\u00edcil at\u00e9 de explicar. Algu\u00e9m tentou sacudi-la. Parecia n\u00e3o se dar conta de tudo o que havia acabado de acontecer\u201d.<\/p>\n<p><img loading=\"lazy\" class=\"alignnone size-full\" src=\"https:\/\/s2-g1.glbimg.com\/ytrv-mhlW2a5GBIZ1kx0FwM0Tj0=\/0x0:656x492\/984x0\/smart\/filters:strip_icc()\/i.s3.glbimg.com\/v1\/AUTH_59edd422c0c84a879bd37670ae4f538a\/internal_photos\/bs\/2024\/1\/J\/Zi4RXHTy2oRNppdDwc9Q\/acidente-2.jpg\" width=\"984\" height=\"738\" \/><\/p>\n<p>De acordo com o prefeito local, Marcello Pierucci, que postou fotos do acidente em uma rede social, ela trafegava em alta velocidade por uma das vias mais movimentadas da cidade, a via It\u00e1lica, quando avan\u00e7ou dois sinais vermelhos e atropelou turistas que atravessavam a rua. As duas v\u00edtimas fatais, jovens turistas da Alemanha de 18 e 19 anos, foram atingidas no primeiro cruzamento. Outra pessoa, uma mulher de 60 anos, tamb\u00e9m foi atingida e, em estado grave, foi levada de ambul\u00e2ncia a\u00e9rea para um hospital em Pisa. Uma testemunha, funcion\u00e1ria de um hotel pr\u00f3ximo ao local onde estavam as garotas alem\u00e3s, contou ao jornal &#8220;La Nazione&#8221;: \u201cOuvi um \u00faltimo suspiro, depois mais nada e, diante daquele drama, a motorista n\u00e3o parou&#8221;.<\/p>\n<p>Depois do primeiro impacto, no segundo cruzamento, a brasileira ainda atropelou outras pessoas, turistas franceses que voltavam da praia: dois deles foram esmagados contra uma coluna de concreto e foram levados para um hospital em Massa; os outros dois foram encaminhados ao hospital local. O carro da brasileira, que mora na regi\u00e3o, s\u00f3 parou quando bateu contra ve\u00edculos que estavam estacionados na rua. Ela estava acompanhada de outra mulher no banco do carona, que ficou paralisada no assento com o rosto machucado Ap\u00f3s descer do ve\u00edculo, a motorista esperou a chegada da pol\u00edcia e foi presa. Segundo a imprensa local, exames toxicol\u00f3gicos foram feitos para saber se ela havia ingerido \u00e1lcool ou alguma outra subst\u00e2ncia, mas o resultado foi negativo. Agora ela est\u00e1 em pris\u00e3o domiciliar e vai responder por duplo homic\u00eddio.<\/p>\n<p><img loading=\"lazy\" class=\"alignnone size-full\" src=\"https:\/\/s2-g1.glbimg.com\/hh7aoDLmbakP3--SGqpctA8xkjU=\/0x0:1440x1080\/1008x0\/smart\/filters:strip_icc()\/i.s3.glbimg.com\/v1\/AUTH_59edd422c0c84a879bd37670ae4f538a\/internal_photos\/bs\/2024\/E\/2\/5DBobfTQeX4AZpPLIyVw\/acidente-3.jpg\" width=\"1008\" height=\"756\" \/><\/p>\n<p>Nas fotos postadas pelo prefeito de Camaiore \u00e9 poss\u00edvel ver a for\u00e7a do impacto dos atropelamentos pela destrui\u00e7\u00e3o do ve\u00edculo que a brasileira dirigia. &#8220;As imagens do grav\u00edssimo acidente desta noite em Lido s\u00e3o chocantes. Algo nunca visto antes. O choque pelo ocorrido se une ao pesar pelas duas pobres garotas que morreram e \u00e0 solidariedade com as fam\u00edlias dos feridos&#8221;, lamentou Marcello Pierucci. Outras testemunhas ouvidas pela imprensa italiana dizem que quem passava pelo local acreditou que se tratasse de um ataque terrorista. &#8220;Pensamos que era um ataque. O carro viajava a uma velocidade vertiginosa, atropelando os pedestres na cal\u00e7ada como se fossem pinos. Cenas horr\u00edveis! Nunca esqueceremos. E aquela mulher ao volante ficava dizendo que n\u00e3o tinha feito nada&#8230; \u00c9 um absurdo&#8221;.<\/p>\n","protected":false},"excerpt":{"rendered":"<p>Uma brasileira de 44 anos, que ainda n\u00e3o teve a identidade confirmada, atropelou sete pessoas, deixando dois mortos e cinco feridos, em Lido di Camaiore, uma cidade litor\u00e2nea de Lucca, na It\u00e1lia, nesta quarta-feira (18). Segundo o jornal italiano &#8220;Il Messaggero&#8221;, ao ser abordada pela pol\u00edcia e pelas equipes de resgate, a mulher afirmou: &#8220;N\u00e3o me lembro do que aconteceu. Voc\u00eas est\u00e3o errados. N\u00e3o fui eu, n\u00e3o \u00e9 minha culpa&#8221;. O relato bate com o de uma testemunha ouvida por outro jornal, o &#8220;La Nazione&#8221;. Um rapaz que passava pelo local contou que ela parecia n\u00e3o ter consci\u00eancia do que [&hellip;]<\/p>\n","protected":false},"author":1,"featured_media":58828,"comment_status":"open","ping_status":"closed","sticky":false,"template":"","format":"standard","meta":{"_links_to":"","_links_to_target":""},"categories":[3,8,1],"tags":[],"views":1147,"_links":{"self":[{"href":"https:\/\/www.brazilianpress.com\/v1\/wp-json\/wp\/v2\/posts\/58827"}],"collection":[{"href":"https:\/\/www.brazilianpress.com\/v1\/wp-json\/wp\/v2\/posts"}],"about":[{"href":"https:\/\/www.brazilianpress.com\/v1\/wp-json\/wp\/v2\/types\/post"}],"author":[{"embeddable":true,"href":"https:\/\/www.brazilianpress.com\/v1\/wp-json\/wp\/v2\/users\/1"}],"replies":[{"embeddable":true,"href":"https:\/\/www.brazilianpress.com\/v1\/wp-json\/wp\/v2\/comments?post=58827"}],"version-history":[{"count":1,"href":"https:\/\/www.brazilianpress.com\/v1\/wp-json\/wp\/v2\/posts\/58827\/revisions"}],"predecessor-version":[{"id":58829,"href":"https:\/\/www.brazilianpress.com\/v1\/wp-json\/wp\/v2\/posts\/58827\/revisions\/58829"}],"wp:featuredmedia":[{"embeddable":true,"href":"https:\/\/www.brazilianpress.com\/v1\/wp-json\/wp\/v2\/media\/58828"}],"wp:attachment":[{"href":"https:\/\/www.brazilianpress.com\/v1\/wp-json\/wp\/v2\/media?parent=58827"}],"wp:term":[{"taxonomy":"category","embeddable":true,"href":"https:\/\/www.brazilianpress.com\/v1\/wp-json\/wp\/v2\/categories?post=58827"},{"taxonomy":"post_tag","embeddable":true,"href":"https:\/\/www.brazilianpress.com\/v1\/wp-json\/wp\/v2\/tags?post=58827"}],"curies":[{"name":"wp","href":"https:\/\/api.w.org\/{rel}","templated":true}]}}