{"id":58838,"date":"2024-09-24T11:03:20","date_gmt":"2024-09-24T15:03:20","guid":{"rendered":"https:\/\/www.brazilianpress.com\/v1\/?p=58838"},"modified":"2024-09-24T11:04:02","modified_gmt":"2024-09-24T15:04:02","slug":"gusttavo-lima-esta-em-miami-com-ordem-de-prisao-decretada-ele-pode-ser-preso-nos-eua","status":"publish","type":"post","link":"https:\/\/www.brazilianpress.com\/v1\/2024\/09\/24\/gusttavo-lima-esta-em-miami-com-ordem-de-prisao-decretada-ele-pode-ser-preso-nos-eua\/","title":{"rendered":"Gusttavo Lima est\u00e1 em Miami, com ordem de pris\u00e3o decretada. Ele pode ser preso nos EUA?"},"content":{"rendered":"<p><strong>A Pol\u00edcia Civil de Pernambuco afirma que Gusttavo Lima teria viajado do Rio de Janeiro para Miami, nos EUA, na v\u00e9spera da Justi\u00e7a do Estado decretar a pris\u00e3o preventiva do sertanejo. Segundo a CNN, a viagem aconteceu na madrugada desta segunda-feira (23). Antes disso, o cantor havia ido ao Rock in Rio, onde assistiu aos shows no \u00faltimo dia do festival de m\u00fasica. Saiba se Gusttavo Lima pode ser preso nos EUA.<\/strong><\/p>\n<p>At\u00e9 o momento, o nome de Gusttavo Lima (Nivaldo Batista Lima, na certid\u00e3o) n\u00e3o est\u00e1 na lista de foragidos internacionais da Interpol, rede internacional de pol\u00edcias, o que possibilitaria a pris\u00e3o do cantor. Entretanto, a pol\u00edcia de Pernambuco n\u00e3o descartou um pedido de inclus\u00e3o.<\/p>\n<p>No Brasil, Gusttavo Lima pode ser preso em qualquer estado, se desembarcar no pa\u00eds por meio dos tr\u00e2mites de voos comerciais em algum aeroporto. Na segunda, o sertanejo teve a pris\u00e3o determinada pela Justi\u00e7a, que o aponta como um dos integrantes da organiza\u00e7\u00e3o que teria movimentado R$ 3 bilh\u00f5es com lavagem de dinheiro, oculta\u00e7\u00e3o de bens e jogos de azar online. A opera\u00e7\u00e3o \u00e9 a mesma que prendeu a influenciadora Deolane Bezerra no dia 4 de setembro. Segundo a defesa de Gusttavo Lima, o artista ficou sabendo do decreto de pris\u00e3o atrav\u00e9s da m\u00eddia e \u201cmedidas cab\u00edveis j\u00e1 est\u00e3o sendo tomadas\u201d. \u201c\u00c9 uma decis\u00e3o totalmente contr\u00e1ria aos fatos j\u00e1 esclarecidos pela defesa do cantor e que n\u00e3o ser\u00e3o medidos esfor\u00e7os para combater juridicamente uma decis\u00e3o injusta e sem fundamentos legais\u201d, afirmou.<\/p>\n<p>\/\/ Fonte: Acidade On.<\/p>\n","protected":false},"excerpt":{"rendered":"<p>A Pol\u00edcia Civil de Pernambuco afirma que Gusttavo Lima teria viajado do Rio de Janeiro para Miami, nos EUA, na v\u00e9spera da Justi\u00e7a do Estado decretar a pris\u00e3o preventiva do sertanejo. Segundo a CNN, a viagem aconteceu na madrugada desta segunda-feira (23). Antes disso, o cantor havia ido ao Rock in Rio, onde assistiu aos shows no \u00faltimo dia do festival de m\u00fasica. Saiba se Gusttavo Lima pode ser preso nos EUA. At\u00e9 o momento, o nome de Gusttavo Lima (Nivaldo Batista Lima, na certid\u00e3o) n\u00e3o est\u00e1 na lista de foragidos internacionais da Interpol, rede internacional de pol\u00edcias, o que [&hellip;]<\/p>\n","protected":false},"author":1,"featured_media":58839,"comment_status":"open","ping_status":"closed","sticky":false,"template":"","format":"standard","meta":{"_links_to":"","_links_to_target":""},"categories":[4,3,1],"tags":[],"views":1098,"_links":{"self":[{"href":"https:\/\/www.brazilianpress.com\/v1\/wp-json\/wp\/v2\/posts\/58838"}],"collection":[{"href":"https:\/\/www.brazilianpress.com\/v1\/wp-json\/wp\/v2\/posts"}],"about":[{"href":"https:\/\/www.brazilianpress.com\/v1\/wp-json\/wp\/v2\/types\/post"}],"author":[{"embeddable":true,"href":"https:\/\/www.brazilianpress.com\/v1\/wp-json\/wp\/v2\/users\/1"}],"replies":[{"embeddable":true,"href":"https:\/\/www.brazilianpress.com\/v1\/wp-json\/wp\/v2\/comments?post=58838"}],"version-history":[{"count":2,"href":"https:\/\/www.brazilianpress.com\/v1\/wp-json\/wp\/v2\/posts\/58838\/revisions"}],"predecessor-version":[{"id":58841,"href":"https:\/\/www.brazilianpress.com\/v1\/wp-json\/wp\/v2\/posts\/58838\/revisions\/58841"}],"wp:featuredmedia":[{"embeddable":true,"href":"https:\/\/www.brazilianpress.com\/v1\/wp-json\/wp\/v2\/media\/58839"}],"wp:attachment":[{"href":"https:\/\/www.brazilianpress.com\/v1\/wp-json\/wp\/v2\/media?parent=58838"}],"wp:term":[{"taxonomy":"category","embeddable":true,"href":"https:\/\/www.brazilianpress.com\/v1\/wp-json\/wp\/v2\/categories?post=58838"},{"taxonomy":"post_tag","embeddable":true,"href":"https:\/\/www.brazilianpress.com\/v1\/wp-json\/wp\/v2\/tags?post=58838"}],"curies":[{"name":"wp","href":"https:\/\/api.w.org\/{rel}","templated":true}]}}