{"id":59053,"date":"2024-10-24T14:45:32","date_gmt":"2024-10-24T18:45:32","guid":{"rendered":"https:\/\/www.brazilianpress.com\/v1\/?p=59053"},"modified":"2024-10-24T14:45:32","modified_gmt":"2024-10-24T18:45:32","slug":"padre-italiano-e-canonizado-no-domingo-por-papa-francisco-por-realizar-milagre-na-amazonia-brasileira","status":"publish","type":"post","link":"https:\/\/www.brazilianpress.com\/v1\/2024\/10\/24\/padre-italiano-e-canonizado-no-domingo-por-papa-francisco-por-realizar-milagre-na-amazonia-brasileira\/","title":{"rendered":"Padre italiano \u00e9 canonizado no domingo por Papa Francisco por realizar milagre na Amaz\u00f4nia brasileira"},"content":{"rendered":"<p><strong>O Papa Francisco proclamou, neste domingo (20), durante a Missa na Pra\u00e7a de S\u00e3o Pedro, a canoniza\u00e7\u00e3o do italiano Jos\u00e9 Allamano por um milagre que teria ocorrido na Amaz\u00f4nia brasileira. Ele \u00e9 fundador da congrega\u00e7\u00e3o dos Mission\u00e1rios da Consolata.\u00a0<\/strong><\/p>\n<p>Segundo a organiza\u00e7\u00e3o Consolata Am\u00e9rica, o milagre que levou \u00e0 canoniza\u00e7\u00e3o ocorreu em 1996, no estado de Roraima, ocasi\u00e3o em que um ind\u00edgena yanomami foi atacado por uma on\u00e7a na floresta e teve um grave ferimento na cabe\u00e7a.<\/p>\n<p>O ind\u00edgena foi atendido inicialmente por mission\u00e1rios da Consolata e ent\u00e3o levado ao hospital de Boa Vista para ser operado. Na ocasi\u00e3o, um grupo de mission\u00e1rios teria invocado o padre Jos\u00e9 Allamano pela recupera\u00e7\u00e3o do rapaz, o que se realizou, e ele ent\u00e3o retornou \u00e0 comunidade ind\u00edgena.<\/p>\n<p>O Papa Francisco presidiu um missa na Pra\u00e7a S\u00e3o Pedro no dia 20 de outubro, nesse dia foram elevados \u00e0 honra dos altares os franciscanos Manuel Ruiz L\u00f3pez e sete companheiros e os leigos Francisco, Mooti e Raffaele Massabkis, conhecidos como &#8220;M\u00e1rtires de Damasco&#8221;, Padre Jos\u00e9 Allamano, fundador dos Mission\u00e1rios e Mission\u00e1rias da Consolata; Irm\u00e3 Elena Guerra, conhecida como &#8220;Ap\u00f3stola do Esp\u00edrito Santo&#8221; e a canadense Ir. Marie-L\u00e9onie Paradis, fundadora das Pequenas Irm\u00e3s da Sagrada Fam\u00edlia de Sherbrooke.<\/p>\n","protected":false},"excerpt":{"rendered":"<p>O Papa Francisco proclamou, neste domingo (20), durante a Missa na Pra\u00e7a de S\u00e3o Pedro, a canoniza\u00e7\u00e3o do italiano Jos\u00e9 Allamano por um milagre que teria ocorrido na Amaz\u00f4nia brasileira. Ele \u00e9 fundador da congrega\u00e7\u00e3o dos Mission\u00e1rios da Consolata.\u00a0 Segundo a organiza\u00e7\u00e3o Consolata Am\u00e9rica, o milagre que levou \u00e0 canoniza\u00e7\u00e3o ocorreu em 1996, no estado de Roraima, ocasi\u00e3o em que um ind\u00edgena yanomami foi atacado por uma on\u00e7a na floresta e teve um grave ferimento na cabe\u00e7a. O ind\u00edgena foi atendido inicialmente por mission\u00e1rios da Consolata e ent\u00e3o levado ao hospital de Boa Vista para ser operado. Na ocasi\u00e3o, um [&hellip;]<\/p>\n","protected":false},"author":1,"featured_media":59054,"comment_status":"open","ping_status":"closed","sticky":false,"template":"","format":"standard","meta":{"_links_to":"","_links_to_target":""},"categories":[7,8,1],"tags":[],"views":714,"_links":{"self":[{"href":"https:\/\/www.brazilianpress.com\/v1\/wp-json\/wp\/v2\/posts\/59053"}],"collection":[{"href":"https:\/\/www.brazilianpress.com\/v1\/wp-json\/wp\/v2\/posts"}],"about":[{"href":"https:\/\/www.brazilianpress.com\/v1\/wp-json\/wp\/v2\/types\/post"}],"author":[{"embeddable":true,"href":"https:\/\/www.brazilianpress.com\/v1\/wp-json\/wp\/v2\/users\/1"}],"replies":[{"embeddable":true,"href":"https:\/\/www.brazilianpress.com\/v1\/wp-json\/wp\/v2\/comments?post=59053"}],"version-history":[{"count":1,"href":"https:\/\/www.brazilianpress.com\/v1\/wp-json\/wp\/v2\/posts\/59053\/revisions"}],"predecessor-version":[{"id":59055,"href":"https:\/\/www.brazilianpress.com\/v1\/wp-json\/wp\/v2\/posts\/59053\/revisions\/59055"}],"wp:featuredmedia":[{"embeddable":true,"href":"https:\/\/www.brazilianpress.com\/v1\/wp-json\/wp\/v2\/media\/59054"}],"wp:attachment":[{"href":"https:\/\/www.brazilianpress.com\/v1\/wp-json\/wp\/v2\/media?parent=59053"}],"wp:term":[{"taxonomy":"category","embeddable":true,"href":"https:\/\/www.brazilianpress.com\/v1\/wp-json\/wp\/v2\/categories?post=59053"},{"taxonomy":"post_tag","embeddable":true,"href":"https:\/\/www.brazilianpress.com\/v1\/wp-json\/wp\/v2\/tags?post=59053"}],"curies":[{"name":"wp","href":"https:\/\/api.w.org\/{rel}","templated":true}]}}