{"id":59056,"date":"2024-10-24T14:46:42","date_gmt":"2024-10-24T18:46:42","guid":{"rendered":"https:\/\/www.brazilianpress.com\/v1\/?p=59056"},"modified":"2024-10-24T14:46:42","modified_gmt":"2024-10-24T18:46:42","slug":"em-dez-anos-brasil-forneceu-refugio-para-quase-150-mil-imigrantes-aponta-ministerio-da-justica","status":"publish","type":"post","link":"https:\/\/www.brazilianpress.com\/v1\/2024\/10\/24\/em-dez-anos-brasil-forneceu-refugio-para-quase-150-mil-imigrantes-aponta-ministerio-da-justica\/","title":{"rendered":"Em dez anos, Brasil forneceu ref\u00fagio para quase 150 mil imigrantes, aponta minist\u00e9rio da Justi\u00e7a"},"content":{"rendered":"<p><strong>Desde agosto de 2010, o Brasil registrou um\u00a0fluxo migrat\u00f3rio de 2,3 milh\u00f5es\u00a0de pessoas. Dessas,\u00a0146.109 pessoas foram reconhecidas como refugiadas, de acordo com dados do Minist\u00e9rio da Justi\u00e7a e Seguran\u00e7a P\u00fablica (MJSP), por meio da Secretaria Nacional de Justi\u00e7a.<\/strong><\/p>\n<p>O n\u00famero de reconhecimentos \u00e9 um ter\u00e7o do total de pedidos feitos \u2014 at\u00e9 agosto deste ano, foram\u00a0450.752 solicita\u00e7\u00f5es de reconhecimento da condi\u00e7\u00e3o de refugiado\u00a0recebidas pelo pa\u00eds.<\/p>\n<p>Cerca de 1, 7 milh\u00e3o de residentes permanentes, tempor\u00e1rios e fronteiri\u00e7os tamb\u00e9m foram registrados durante esse per\u00edodo. O maior fluxo migrat\u00f3rio \u00e9 de migrantes da:<\/p>\n<ul>\n<li>Venezuela (500.636)<\/li>\n<li>Haiti (183.102)<\/li>\n<li>Bol\u00edvia (110.795)<\/li>\n<\/ul>\n<p>J\u00e1 entre os\u00a0refugiados reconhecidos, aqueles que foram for\u00e7ados por algum motivo a sair do pa\u00eds de origem, seja por motivos religiosos, pol\u00edticos ou por viola\u00e7\u00f5es de direitos humanos, s\u00e3o, em sua maioria, da<\/p>\n<ul>\n<li>Venezuela (134.089)<\/li>\n<li>S\u00edria (4.100)<\/li>\n<li>Rep\u00fablica Democr\u00e1tica do Congo (1.158)<\/li>\n<\/ul>\n<p>Os solicitantes de ref\u00fagio t\u00eam como principais nacionalidades venezuelana (257.186), cubana (41.800) e haitiana (40.483).<\/p>\n<p>A decis\u00e3o de fornecer o ref\u00fagio \u00e9 do Comit\u00ea Nacional para Refugiados (Conare), com base na Lei n\u00ba 9.474\/1997.<\/p>\n<p>Em 2023, eram 4,9 milh\u00f5es de pessoas, que estavam, principalmente, nos Estados Unidos, em Portugal, no Paraguai, no Reino Unido e no Jap\u00e3o.<\/p>\n","protected":false},"excerpt":{"rendered":"<p>Desde agosto de 2010, o Brasil registrou um\u00a0fluxo migrat\u00f3rio de 2,3 milh\u00f5es\u00a0de pessoas. Dessas,\u00a0146.109 pessoas foram reconhecidas como refugiadas, de acordo com dados do Minist\u00e9rio da Justi\u00e7a e Seguran\u00e7a P\u00fablica (MJSP), por meio da Secretaria Nacional de Justi\u00e7a. O n\u00famero de reconhecimentos \u00e9 um ter\u00e7o do total de pedidos feitos \u2014 at\u00e9 agosto deste ano, foram\u00a0450.752 solicita\u00e7\u00f5es de reconhecimento da condi\u00e7\u00e3o de refugiado\u00a0recebidas pelo pa\u00eds. Cerca de 1, 7 milh\u00e3o de residentes permanentes, tempor\u00e1rios e fronteiri\u00e7os tamb\u00e9m foram registrados durante esse per\u00edodo. O maior fluxo migrat\u00f3rio \u00e9 de migrantes da: Venezuela (500.636) Haiti (183.102) Bol\u00edvia (110.795) J\u00e1 entre os\u00a0refugiados reconhecidos, [&hellip;]<\/p>\n","protected":false},"author":1,"featured_media":47252,"comment_status":"open","ping_status":"closed","sticky":false,"template":"","format":"standard","meta":{"_links_to":"","_links_to_target":""},"categories":[7,1],"tags":[],"views":636,"_links":{"self":[{"href":"https:\/\/www.brazilianpress.com\/v1\/wp-json\/wp\/v2\/posts\/59056"}],"collection":[{"href":"https:\/\/www.brazilianpress.com\/v1\/wp-json\/wp\/v2\/posts"}],"about":[{"href":"https:\/\/www.brazilianpress.com\/v1\/wp-json\/wp\/v2\/types\/post"}],"author":[{"embeddable":true,"href":"https:\/\/www.brazilianpress.com\/v1\/wp-json\/wp\/v2\/users\/1"}],"replies":[{"embeddable":true,"href":"https:\/\/www.brazilianpress.com\/v1\/wp-json\/wp\/v2\/comments?post=59056"}],"version-history":[{"count":1,"href":"https:\/\/www.brazilianpress.com\/v1\/wp-json\/wp\/v2\/posts\/59056\/revisions"}],"predecessor-version":[{"id":59057,"href":"https:\/\/www.brazilianpress.com\/v1\/wp-json\/wp\/v2\/posts\/59056\/revisions\/59057"}],"wp:featuredmedia":[{"embeddable":true,"href":"https:\/\/www.brazilianpress.com\/v1\/wp-json\/wp\/v2\/media\/47252"}],"wp:attachment":[{"href":"https:\/\/www.brazilianpress.com\/v1\/wp-json\/wp\/v2\/media?parent=59056"}],"wp:term":[{"taxonomy":"category","embeddable":true,"href":"https:\/\/www.brazilianpress.com\/v1\/wp-json\/wp\/v2\/categories?post=59056"},{"taxonomy":"post_tag","embeddable":true,"href":"https:\/\/www.brazilianpress.com\/v1\/wp-json\/wp\/v2\/tags?post=59056"}],"curies":[{"name":"wp","href":"https:\/\/api.w.org\/{rel}","templated":true}]}}