{"id":59068,"date":"2024-10-26T10:09:41","date_gmt":"2024-10-26T14:09:41","guid":{"rendered":"https:\/\/www.brazilianpress.com\/v1\/?p=59068"},"modified":"2024-10-26T10:09:41","modified_gmt":"2024-10-26T14:09:41","slug":"canada-freia-imigracao-e-reduz-em-21-cota-de-residentes-permanentes-a-partir-de-2025","status":"publish","type":"post","link":"https:\/\/www.brazilianpress.com\/v1\/2024\/10\/26\/canada-freia-imigracao-e-reduz-em-21-cota-de-residentes-permanentes-a-partir-de-2025\/","title":{"rendered":"Canad\u00e1 freia imigra\u00e7\u00e3o e reduz em 21% cota de residentes permanentes a partir de 2025"},"content":{"rendered":"<p><strong>O Canad\u00e1 est\u00e1 mudando de rumo. Tradicionalmente visto como uma terra acolhedora para imigrantes, o pa\u00eds anunciou uma redu\u00e7\u00e3o \u201cconsider\u00e1vel\u201d de 21% na cota de residentes permanentes que receber\u00e1 a partir de 2025. \u201cA imigra\u00e7\u00e3o \u00e9 essencial para o futuro do Canad\u00e1, mas deve ser controlada e sustent\u00e1vel\u201d, declarou o primeiro-ministro Justin Trudeau, enfatizando que essa redu\u00e7\u00e3o \u201csignificar\u00e1 uma pausa no crescimento populacional nos pr\u00f3ximos dois anos\u201d.<\/strong><\/p>\n<p>Isso ocorre depois de v\u00e1rias rodadas de restri\u00e7\u00f5es com o objetivo de conter os n\u00edveis recordes de imigra\u00e7\u00e3o (98% de crescimento em 2023), que levaram a popula\u00e7\u00e3o a mais de 41 milh\u00f5es no in\u00edcio do ano, muito acima dos cerca de 35 milh\u00f5es de uma d\u00e9cada atr\u00e1s.<\/p>\n<p><img src=\"https:\/\/bsmedia.business-standard.com\/_media\/bs\/img\/article\/2024-10\/17\/full\/1729160024-597.jpg?im=FitAndFill=(826,465)\" alt=\"Justin Trudeau announces cuts to immigration numbers for next two years |  World News - Business Standard\" \/><\/p>\n<p>O Departamento de Imigra\u00e7\u00e3o canadense havia anunciado anteriormente que planejava permitir que 500 mil novos residentes permanentes se estabelecessem no pa\u00eds em 2025 e 2026. Os novos n\u00fameros anunciados na quinta-feira foram revisados para baixo, para 395 mil no pr\u00f3ximo ano e 380 mil em 2026. O n\u00famero para 2027 foi fixado em 365 mil.<\/p>\n<p><strong>Mais da metade dos canadenses n\u00e3o quer estrangeiros<\/strong><\/p>\n<p>O objetivo \u00e9 \u201cestabilizar nosso crescimento populacional, dar a todos os n\u00edveis de governo tempo para se atualizar e fazer os investimentos necess\u00e1rios em sa\u00fade, moradia e servi\u00e7os sociais\u201d, disse o primeiro-ministro.<\/p>\n<p>\u201cEsse plano \u00e9 provavelmente o primeiro do g\u00eanero at\u00e9 hoje\u201d, acrescentou Marc Miller, Ministro da Imigra\u00e7\u00e3o, enfatizando que ele responde \u201ca uma grande quantidade de cr\u00edticas\u201d recebidas no passado.<\/p>\n<p>De acordo com uma pesquisa da Abacus Data do in\u00edcio de outubro, um em cada dois canadenses acredita que a imigra\u00e7\u00e3o est\u00e1 prejudicando a na\u00e7\u00e3o. Pela primeira vez em um quarto de s\u00e9culo, 58% dos canadenses acreditam que h\u00e1 imigra\u00e7\u00e3o demais, uma opini\u00e3o que se fortaleceu consideravelmente pelo segundo ano consecutivo, de acordo com outra pesquisa do Environics Institute.<\/p>\n<p>Esse an\u00fancio marca um ponto de inflex\u00e3o radical para o Canad\u00e1, um pa\u00eds que h\u00e1 muito tempo \u00e9 conhecido como destino de imigrantes, incluindo migrantes econ\u00f4micos de pa\u00edses em desenvolvimento que buscam melhores condi\u00e7\u00f5es de vida.<\/p>\n<p>H\u00e1 apenas dois anos, Ottawa anunciou metas recordes para os pr\u00f3ximos anos: 1,5 milh\u00e3o de novas chegadas at\u00e9 2025.<\/p>\n<p>\u201cOs migrantes n\u00e3o s\u00e3o respons\u00e1veis pela crise habitacional do Canad\u00e1, pela falta de empregos, pela assist\u00eancia m\u00e9dica inadequada ou de outros servi\u00e7os p\u00fablicos\u201d, afirmaram mais de 120 organiza\u00e7\u00f5es da sociedade civil em uma carta aberta. Elas apontam que a culpa \u00e9 de \u201cd\u00e9cadas de pol\u00edticas federais e provinciais que subfinanciaram e privatizaram os servi\u00e7os p\u00fablicos\u201d.<\/p>\n<p><strong>Redu\u00e7\u00e3o de migrantes \u00e9 \u201cdecepcionante para empresas\u201d<\/strong><\/p>\n<p>Para a C\u00e2mara de Com\u00e9rcio Canadense, essa redu\u00e7\u00e3o \u00e9 \u201cdecepcionante para as empresas de todo o pa\u00eds\u201d, que considera a imigra\u00e7\u00e3o como um \u201cfator-chave do crescimento econ\u00f4mico e nossa \u00fanica fonte de crescimento da for\u00e7a de trabalho a curto prazo\u201d.<\/p>\n<p>Donald Trump, que fez da imigra\u00e7\u00e3o um tema central de sua campanha presidencial nos EUA, tamb\u00e9m reagiu ao an\u00fancio, apontando que \u201cat\u00e9 Justin Trudeau quer fechar as fronteiras do Canad\u00e1\u201d, em refer\u00eancia ao seu pr\u00f3prio plano de regulamentar ainda mais a imigra\u00e7\u00e3o nas fronteiras dos EUA. No Canad\u00e1, o l\u00edder da oposi\u00e7\u00e3o conservadora, Pierre Poilievre, afirma que Justin Trudeau \u201cdestruiu o sistema de imigra\u00e7\u00e3o\u201d e que a \u201creviravolta de hoje \u00e9 uma admiss\u00e3o de fracasso\u201d.<\/p>\n<p>Com esse an\u00fancio, Justin Trudeau, cuja lideran\u00e7a foi questionada por v\u00e1rios membros de sua bancada parlamentar, est\u00e1 procurando responder \u00e0s demandas dos canadenses e mostrar uma mudan\u00e7a em sua pol\u00edtica para restaurar sua imagem. De acordo com as \u00faltimas pesquisas, ele est\u00e1 quase 20 pontos atr\u00e1s de seu oponente pol\u00edtico, e apenas um canadense em cada cinco quer que ele se candidate \u00e0 reelei\u00e7\u00e3o. Quase metade quer que ele renuncie imediatamente, de acordo com uma pesquisa da Abacus Data.<\/p>\n","protected":false},"excerpt":{"rendered":"<p>O Canad\u00e1 est\u00e1 mudando de rumo. Tradicionalmente visto como uma terra acolhedora para imigrantes, o pa\u00eds anunciou uma redu\u00e7\u00e3o \u201cconsider\u00e1vel\u201d de 21% na cota de residentes permanentes que receber\u00e1 a partir de 2025. \u201cA imigra\u00e7\u00e3o \u00e9 essencial para o futuro do Canad\u00e1, mas deve ser controlada e sustent\u00e1vel\u201d, declarou o primeiro-ministro Justin Trudeau, enfatizando que essa redu\u00e7\u00e3o \u201csignificar\u00e1 uma pausa no crescimento populacional nos pr\u00f3ximos dois anos\u201d. Isso ocorre depois de v\u00e1rias rodadas de restri\u00e7\u00f5es com o objetivo de conter os n\u00edveis recordes de imigra\u00e7\u00e3o (98% de crescimento em 2023), que levaram a popula\u00e7\u00e3o a mais de 41 milh\u00f5es no [&hellip;]<\/p>\n","protected":false},"author":1,"featured_media":59069,"comment_status":"open","ping_status":"closed","sticky":false,"template":"","format":"standard","meta":{"_links_to":"","_links_to_target":""},"categories":[3,8,1],"tags":[],"views":878,"_links":{"self":[{"href":"https:\/\/www.brazilianpress.com\/v1\/wp-json\/wp\/v2\/posts\/59068"}],"collection":[{"href":"https:\/\/www.brazilianpress.com\/v1\/wp-json\/wp\/v2\/posts"}],"about":[{"href":"https:\/\/www.brazilianpress.com\/v1\/wp-json\/wp\/v2\/types\/post"}],"author":[{"embeddable":true,"href":"https:\/\/www.brazilianpress.com\/v1\/wp-json\/wp\/v2\/users\/1"}],"replies":[{"embeddable":true,"href":"https:\/\/www.brazilianpress.com\/v1\/wp-json\/wp\/v2\/comments?post=59068"}],"version-history":[{"count":1,"href":"https:\/\/www.brazilianpress.com\/v1\/wp-json\/wp\/v2\/posts\/59068\/revisions"}],"predecessor-version":[{"id":59070,"href":"https:\/\/www.brazilianpress.com\/v1\/wp-json\/wp\/v2\/posts\/59068\/revisions\/59070"}],"wp:featuredmedia":[{"embeddable":true,"href":"https:\/\/www.brazilianpress.com\/v1\/wp-json\/wp\/v2\/media\/59069"}],"wp:attachment":[{"href":"https:\/\/www.brazilianpress.com\/v1\/wp-json\/wp\/v2\/media?parent=59068"}],"wp:term":[{"taxonomy":"category","embeddable":true,"href":"https:\/\/www.brazilianpress.com\/v1\/wp-json\/wp\/v2\/categories?post=59068"},{"taxonomy":"post_tag","embeddable":true,"href":"https:\/\/www.brazilianpress.com\/v1\/wp-json\/wp\/v2\/tags?post=59068"}],"curies":[{"name":"wp","href":"https:\/\/api.w.org\/{rel}","templated":true}]}}