{"id":59072,"date":"2024-10-27T10:19:25","date_gmt":"2024-10-27T14:19:25","guid":{"rendered":"https:\/\/www.brazilianpress.com\/v1\/?p=59072"},"modified":"2024-10-27T10:19:25","modified_gmt":"2024-10-27T14:19:25","slug":"brasileira-e-morta-a-facadas-na-frente-dos-filhos-na-franca-marido-e-o-principal-suspeito","status":"publish","type":"post","link":"https:\/\/www.brazilianpress.com\/v1\/2024\/10\/27\/brasileira-e-morta-a-facadas-na-frente-dos-filhos-na-franca-marido-e-o-principal-suspeito\/","title":{"rendered":"Brasileira \u00e9 morta a facadas na frente dos filhos na Fran\u00e7a. Marido \u00e9 o principal suspeito"},"content":{"rendered":"<p><strong> Uma brasileira, de 41 anos, morreu v\u00edtima de feminic\u00eddio em \u00c9merainville, na Fran\u00e7a, nessa quinta-feira, 24\/10, segundo a imprensa francesa. Seu marido, tamb\u00e9m brasileiro, \u00e9 o principal suspeito de cometer o crime; ele tentou se enforcar logo ap\u00f3s o ocorrido e foi levado ao hospital. N\u00e3o h\u00e1 confirma\u00e7\u00e3o sobre o estado de sa\u00fade dele.<\/strong><\/p>\n<p>O socorro foi acionado por um dos tr\u00eas filhos da mulher, de 17 anos, que ficou ferido ao tentar socorrer a m\u00e3e, morta a facadas Dois filhos presenciaram o crime. Segundo a afiliada da TV Globo no Esp\u00edrito Santo, a mulher se chamava Juliana de Oliveira Salom\u00e3o.<\/p>\n<p><img src=\"https:\/\/cdn.esbrasil.com.br\/wp-content\/uploads\/2024\/10\/Design-sem-nome-3.jpg\" alt=\"Capixaba \u00e9 morta na Fran\u00e7a e ex-marido \u00e9 suspeito \u2013 ES Brasil\" \/><\/p>\n<p>Nascida em Nova Ven\u00e9cia, no Esp\u00edrito Santo, ela morava h\u00e1 mais de cinco anos na Fran\u00e7a com o marido e tr\u00eas filhos. A irm\u00e3 da v\u00edtima, Danielle Pigatti, deu entrevista \u00e0 TV e informou que Juliana estava em processo de separa\u00e7\u00e3o ap\u00f3s sofrer viol\u00eancia dom\u00e9stica e tinha conseguido uma medida protetiva contra o marido, que j\u00e1 n\u00e3o vivia na mesma casa h\u00e1 cerca de tr\u00eas meses.<\/p>\n<p><img src=\"https:\/\/spaceks.net\/sites\/clubefmes.com.br\/images\/notimage\/user_1380668031.jpg\" alt=\"Fam\u00edlia vai fazer vaquinha para trazer corpo de capixaba morta na Fran\u00e7a |  RADIO CLUBE 98,5 FM - SERRA ES\" \/><\/p>\n<p>A fam\u00edlia iniciou uma vaquinha nas redes sociais para arrecadar dinheiro para trazer o corpo de Juliana para o Brasil e ajudar os dois filhos menores de idade. Segundo a TV Globo, o homem tamb\u00e9m teria morrido. \u201cMorta por diversas facadas, feitas pelo companheiro na garganta e no pesco\u00e7o\u201d, escreveu o jornal Le Parisien. De acordo com a R\u00e1dio Fran\u00e7a Internacional (RFI), o promotor respons\u00e1vel pelo caso, Jean-Baptiste Bladier, afirmou que \u201ca morte foi claramente resultado de m\u00faltiplas facadas\u201d, principalmente no pesco\u00e7o e na nuca, mas a pol\u00edcia francesa aguarda os resultados da aut\u00f3psia, realizada pelo Instituto M\u00e9dico Legal de Paris, para onde o corpo foi levado.<\/p>\n<p><img src=\"https:\/\/newr7-r7-prod.web.arc-cdn.net\/resizer\/v2\/BQC6Q5YES5CRRFMSDYF5TTAU2M.jpeg?smart=true&amp;auth=f08818097d1a4fb1d41f31c9ee9677de43ee335da48c863ba0b76835c61a86b6&amp;width=1200&amp;height=630\" alt=\"Ex-marido morreu ap\u00f3s assassinar capixaba na Fran\u00e7a \u2013 Noticias R7\" \/><\/p>\n<p>O promotor afirmou \u00e0 RFI que logo ap\u00f3s a pol\u00edcia encontrar o corpo da mulher, o marido foi encontrado \u201cpendurado no por\u00e3o do pr\u00e9dio\u201d em que a v\u00edtima morava. O acionamento da pol\u00edcia foi feito por um dos tr\u00eas filhos da mulher, um menino de 17 anos. \u201cEle explicou que seu pai, brasileiro, nascido em 1980, esfaqueou sua m\u00e3e\u201d, disse o promotor \u00e0 r\u00e1dio francesa. \u201cO jovem tamb\u00e9m ficou ferido ao tentar proteger a m\u00e3e\u201d, afirma o ve\u00edculo. Outro filho do casal, de 14 anos, tamb\u00e9m estava na casa no momento do crime, mas n\u00e3o ficou ferido, segundo a RFI. Os dois menores passaram por atendimento m\u00e9dico e ser\u00e3o assistidos por servi\u00e7os sociais da Fran\u00e7a. A terceira filha da v\u00edtima, maior de idade, estaria no Brasil.<\/p>\n<p>\u201cUm tempo atr\u00e1s, n\u00e3o sei precisar exatamente o tempo, ele agrediu ela e ela quis se separar. Ele quis voltar e ela n\u00e3o queria. Depois, eles continuaram, mas as agress\u00f5es continuaram ( ..) Nos \u00faltimos tr\u00eas meses, ela decidiu que n\u00e3o queria mais, que n\u00e3o aceitava (as agress\u00f5es). Eles estavam morando separados e tinha medida protetiva\u201d, relatou Danielle \u00e0 TV Gazeta, afiliada da Globo no Esp\u00edrito Santo. \u201cParece que sofreu um corte no bra\u00e7o, mas est\u00e1 fora de perigo\u201d, disse Danielle sobre o sobrinho, de 17 anos, filho da v\u00edtima, que se feriu durante o epis\u00f3dio. Conforme relato do promotor \u00e0 RFI, os antecedentes criminais do suspeito n\u00e3o mencionam condena\u00e7\u00f5es. \u201cNo entanto, em 25 de julho de 2024, ele foi preso em flagrante e colocado sob cust\u00f3dia policial por atos de viol\u00eancia dom\u00e9stica.\u201d<\/p>\n","protected":false},"excerpt":{"rendered":"<p>Uma brasileira, de 41 anos, morreu v\u00edtima de feminic\u00eddio em \u00c9merainville, na Fran\u00e7a, nessa quinta-feira, 24\/10, segundo a imprensa francesa. Seu marido, tamb\u00e9m brasileiro, \u00e9 o principal suspeito de cometer o crime; ele tentou se enforcar logo ap\u00f3s o ocorrido e foi levado ao hospital. N\u00e3o h\u00e1 confirma\u00e7\u00e3o sobre o estado de sa\u00fade dele. O socorro foi acionado por um dos tr\u00eas filhos da mulher, de 17 anos, que ficou ferido ao tentar socorrer a m\u00e3e, morta a facadas Dois filhos presenciaram o crime. Segundo a afiliada da TV Globo no Esp\u00edrito Santo, a mulher se chamava Juliana de Oliveira [&hellip;]<\/p>\n","protected":false},"author":1,"featured_media":59073,"comment_status":"open","ping_status":"closed","sticky":false,"template":"","format":"standard","meta":{"_links_to":"","_links_to_target":""},"categories":[3,8,1],"tags":[],"views":939,"_links":{"self":[{"href":"https:\/\/www.brazilianpress.com\/v1\/wp-json\/wp\/v2\/posts\/59072"}],"collection":[{"href":"https:\/\/www.brazilianpress.com\/v1\/wp-json\/wp\/v2\/posts"}],"about":[{"href":"https:\/\/www.brazilianpress.com\/v1\/wp-json\/wp\/v2\/types\/post"}],"author":[{"embeddable":true,"href":"https:\/\/www.brazilianpress.com\/v1\/wp-json\/wp\/v2\/users\/1"}],"replies":[{"embeddable":true,"href":"https:\/\/www.brazilianpress.com\/v1\/wp-json\/wp\/v2\/comments?post=59072"}],"version-history":[{"count":2,"href":"https:\/\/www.brazilianpress.com\/v1\/wp-json\/wp\/v2\/posts\/59072\/revisions"}],"predecessor-version":[{"id":59075,"href":"https:\/\/www.brazilianpress.com\/v1\/wp-json\/wp\/v2\/posts\/59072\/revisions\/59075"}],"wp:featuredmedia":[{"embeddable":true,"href":"https:\/\/www.brazilianpress.com\/v1\/wp-json\/wp\/v2\/media\/59073"}],"wp:attachment":[{"href":"https:\/\/www.brazilianpress.com\/v1\/wp-json\/wp\/v2\/media?parent=59072"}],"wp:term":[{"taxonomy":"category","embeddable":true,"href":"https:\/\/www.brazilianpress.com\/v1\/wp-json\/wp\/v2\/categories?post=59072"},{"taxonomy":"post_tag","embeddable":true,"href":"https:\/\/www.brazilianpress.com\/v1\/wp-json\/wp\/v2\/tags?post=59072"}],"curies":[{"name":"wp","href":"https:\/\/api.w.org\/{rel}","templated":true}]}}