{"id":59076,"date":"2024-10-28T10:56:37","date_gmt":"2024-10-28T14:56:37","guid":{"rendered":"https:\/\/www.brazilianpress.com\/v1\/?p=59076"},"modified":"2024-10-28T10:56:37","modified_gmt":"2024-10-28T14:56:37","slug":"mulher-paraquedista-de-37-anos-morre-apos-colidir-contra-helice-de-aviao-durante-salto-no-kansas","status":"publish","type":"post","link":"https:\/\/www.brazilianpress.com\/v1\/2024\/10\/28\/mulher-paraquedista-de-37-anos-morre-apos-colidir-contra-helice-de-aviao-durante-salto-no-kansas\/","title":{"rendered":"Mulher paraquedista de 37 anos morre ap\u00f3s colidir contra h\u00e9lice de avi\u00e3o durante salto no Kansas"},"content":{"rendered":"<p><strong>Um acidente com uma h\u00e9lice de avi\u00e3o vitimou Amanda Gallagher, 37 anos, durante uma sess\u00e3o de fotos em um aer\u00f3dromo no Kansas, Estados Unidos. Gallagher estava registrando imagens de colegas paraquedistas no Cook Airfield, em Wichita, no \u00faltimo s\u00e1bado, quando foi atingida pela h\u00e9lice de um avi\u00e3o enquanto &#8220;caminhava de costas&#8221; no ar.<\/strong><\/p>\n<p>Apesar de ser socorrida com ferimentos graves, a paraquedista n\u00e3o resistiu ap\u00f3s ser levada ao hospital.<\/p>\n<p><img src=\"https:\/\/revista.cifras.com.br\/wp-content\/uploads\/2024\/10\/amanda-gallagher.jpg.webp\" alt=\"Paraquedista morre ap\u00f3s bater em h\u00e9lice de avi\u00e3o enquanto tirava fotos\" \/><\/p>\n<p>&#8220;A dire\u00e7\u00e3o do local expressou condol\u00eancias pelo ocorrido. Em comunicado, um porta-voz disse: &#8220;Nossos cora\u00e7\u00f5es est\u00e3o com a fam\u00edlia e os amigos da jovem que faleceu ontem ap\u00f3s um tr\u00e1gico acidente com a h\u00e9lice de um avi\u00e3o no Cook Airfield.\u201d O representante optou por n\u00e3o especular sobre poss\u00edveis medidas que poderiam ter evitado o acidente, que est\u00e1 sob investiga\u00e7\u00e3o e \u00e9 tratado at\u00e9 o momento como uma fatalidade.<\/p>\n<p><img src=\"https:\/\/s2-oglobo.glbimg.com\/ZU6LasAmGz1H-Dg4AsFMG5Lb_KI=\/0x0:670x673\/984x0\/smart\/filters:strip_icc()\/i.s3.glbimg.com\/v1\/AUTH_da025474c0c44edd99332dddb09cabe8\/internal_photos\/bs\/2024\/D\/6\/UxpEDyR5C7wMDVBtKaRQ\/runway-horror-skydiver-killed-walking-944557361.webp\" alt=\"Paraquedista morre ap\u00f3s colidir contra h\u00e9lice de avi\u00e3o durante salto nos EUA\" \/><\/p>\n<p>Uma p\u00e1gina de vaquinha online foi criada para arrecadar fundos para o funeral. Na descri\u00e7\u00e3o, escrita por Abbey Charboneau, amiga e respons\u00e1vel pelo tributo, Gallagher \u00e9 lembrada como uma pessoa &#8220;gentil, aventureira, criativa e linda por dentro e por fora&#8221;. A campanha, com uma meta de US$ 12 mil, j\u00e1 arrecadou cerca de metade do valor, ultrapassando os US$ 6 mil com 65 doa\u00e7\u00f5es. Gallagher deixa familiares e amigos.<\/p>\n","protected":false},"excerpt":{"rendered":"<p>Um acidente com uma h\u00e9lice de avi\u00e3o vitimou Amanda Gallagher, 37 anos, durante uma sess\u00e3o de fotos em um aer\u00f3dromo no Kansas, Estados Unidos. Gallagher estava registrando imagens de colegas paraquedistas no Cook Airfield, em Wichita, no \u00faltimo s\u00e1bado, quando foi atingida pela h\u00e9lice de um avi\u00e3o enquanto &#8220;caminhava de costas&#8221; no ar. Apesar de ser socorrida com ferimentos graves, a paraquedista n\u00e3o resistiu ap\u00f3s ser levada ao hospital. &#8220;A dire\u00e7\u00e3o do local expressou condol\u00eancias pelo ocorrido. Em comunicado, um porta-voz disse: &#8220;Nossos cora\u00e7\u00f5es est\u00e3o com a fam\u00edlia e os amigos da jovem que faleceu ontem ap\u00f3s um tr\u00e1gico acidente [&hellip;]<\/p>\n","protected":false},"author":1,"featured_media":59077,"comment_status":"open","ping_status":"closed","sticky":false,"template":"","format":"standard","meta":{"_links_to":"","_links_to_target":""},"categories":[3,1,10],"tags":[],"views":1213,"_links":{"self":[{"href":"https:\/\/www.brazilianpress.com\/v1\/wp-json\/wp\/v2\/posts\/59076"}],"collection":[{"href":"https:\/\/www.brazilianpress.com\/v1\/wp-json\/wp\/v2\/posts"}],"about":[{"href":"https:\/\/www.brazilianpress.com\/v1\/wp-json\/wp\/v2\/types\/post"}],"author":[{"embeddable":true,"href":"https:\/\/www.brazilianpress.com\/v1\/wp-json\/wp\/v2\/users\/1"}],"replies":[{"embeddable":true,"href":"https:\/\/www.brazilianpress.com\/v1\/wp-json\/wp\/v2\/comments?post=59076"}],"version-history":[{"count":1,"href":"https:\/\/www.brazilianpress.com\/v1\/wp-json\/wp\/v2\/posts\/59076\/revisions"}],"predecessor-version":[{"id":59078,"href":"https:\/\/www.brazilianpress.com\/v1\/wp-json\/wp\/v2\/posts\/59076\/revisions\/59078"}],"wp:featuredmedia":[{"embeddable":true,"href":"https:\/\/www.brazilianpress.com\/v1\/wp-json\/wp\/v2\/media\/59077"}],"wp:attachment":[{"href":"https:\/\/www.brazilianpress.com\/v1\/wp-json\/wp\/v2\/media?parent=59076"}],"wp:term":[{"taxonomy":"category","embeddable":true,"href":"https:\/\/www.brazilianpress.com\/v1\/wp-json\/wp\/v2\/categories?post=59076"},{"taxonomy":"post_tag","embeddable":true,"href":"https:\/\/www.brazilianpress.com\/v1\/wp-json\/wp\/v2\/tags?post=59076"}],"curies":[{"name":"wp","href":"https:\/\/api.w.org\/{rel}","templated":true}]}}