{"id":59119,"date":"2024-11-04T11:10:01","date_gmt":"2024-11-04T15:10:01","guid":{"rendered":"https:\/\/www.brazilianpress.com\/v1\/?p=59119"},"modified":"2024-11-04T11:10:01","modified_gmt":"2024-11-04T15:10:01","slug":"comunidade-conheca-bruno-henrique-o-fotografo-que-esta-conquistando-new-york","status":"publish","type":"post","link":"https:\/\/www.brazilianpress.com\/v1\/2024\/11\/04\/comunidade-conheca-bruno-henrique-o-fotografo-que-esta-conquistando-new-york\/","title":{"rendered":"Comunidade: Conhe\u00e7a Bruno Henrique o fot\u00f3grafo que est\u00e1 conquistando New York"},"content":{"rendered":"<p><strong>Bruno Henrique \u00e9 um fot\u00f3grafo art\u00edstico brasileiro de 31 anos, natural de S\u00e3o Paulo, conhecido por sua abordagem sens\u00edvel e profunda na captura de imagens. Em seu trabalho, ele explora temas como identidade, cultura e emo\u00e7\u00e3o, utilizando a fotografia como um meio de express\u00e3o visual que convida o espectador a mergulhar em narrativas \u00fanicas e comoventes.<\/strong><\/p>\n<p>Suas composi\u00e7\u00f5es s\u00e3o meticulosamente elaboradas, misturando luz, sombra e textura de maneira a criar uma est\u00e9tica que se equilibra entre o real e o abstrato.<\/p>\n<p>Com uma forma\u00e7\u00e3o que combina t\u00e9cnica e criatividade, Bruno come\u00e7ou sua jornada no mundo da fotografia ainda jovem, aos 16 anos, atra\u00eddo pela capacidade que a c\u00e2mera possui de transformar o cotidiano em arte. Desde ent\u00e3o, ele desenvolveu um estilo pr\u00f3prio, caracterizado pela valoriza\u00e7\u00e3o dos detalhes e pela busca incessante por significados ocultos nas paisagens urbanas e nos retratos que produz.<\/p>\n<p><img src=\"https:\/\/i.imgur.com\/xJ9BPL8.jpeg\" \/><\/p>\n<p>Sua fotografia transcende o simples ato de capturar imagens; ela \u00e9 uma tentativa de refletir as complexidades da condi\u00e7\u00e3o humana. Bruno acredita que cada clique pode revelar camadas de hist\u00f3rias e emo\u00e7\u00f5es, e \u00e9 essa perspectiva que ele transmite em cada projeto.<\/p>\n<p><img src=\"https:\/\/i.imgur.com\/9NOEZkD.jpeg\" \/><\/p>\n<p>Voc\u00ea encontra suas principais atividades e pode entrar em contato facilmente em seu Instagram <a href=\"https:\/\/instagram.com\/brn_artz\" target=\"_blank\" rel=\"noopener\"><span style=\"color: #ff0000;\"><strong>@brn_artz<\/strong><\/span><\/a><\/p>\n<p><img src=\"https:\/\/i.imgur.com\/D3rm8IK.jpeg\" \/><\/p>\n","protected":false},"excerpt":{"rendered":"<p>Bruno Henrique \u00e9 um fot\u00f3grafo art\u00edstico brasileiro de 31 anos, natural de S\u00e3o Paulo, conhecido por sua abordagem sens\u00edvel e profunda na captura de imagens. Em seu trabalho, ele explora temas como identidade, cultura e emo\u00e7\u00e3o, utilizando a fotografia como um meio de express\u00e3o visual que convida o espectador a mergulhar em narrativas \u00fanicas e comoventes. Suas composi\u00e7\u00f5es s\u00e3o meticulosamente elaboradas, misturando luz, sombra e textura de maneira a criar uma est\u00e9tica que se equilibra entre o real e o abstrato. Com uma forma\u00e7\u00e3o que combina t\u00e9cnica e criatividade, Bruno come\u00e7ou sua jornada no mundo da fotografia ainda jovem, aos [&hellip;]<\/p>\n","protected":false},"author":1,"featured_media":59120,"comment_status":"open","ping_status":"closed","sticky":false,"template":"","format":"standard","meta":{"_links_to":"","_links_to_target":""},"categories":[4,3,1],"tags":[],"views":1215,"_links":{"self":[{"href":"https:\/\/www.brazilianpress.com\/v1\/wp-json\/wp\/v2\/posts\/59119"}],"collection":[{"href":"https:\/\/www.brazilianpress.com\/v1\/wp-json\/wp\/v2\/posts"}],"about":[{"href":"https:\/\/www.brazilianpress.com\/v1\/wp-json\/wp\/v2\/types\/post"}],"author":[{"embeddable":true,"href":"https:\/\/www.brazilianpress.com\/v1\/wp-json\/wp\/v2\/users\/1"}],"replies":[{"embeddable":true,"href":"https:\/\/www.brazilianpress.com\/v1\/wp-json\/wp\/v2\/comments?post=59119"}],"version-history":[{"count":1,"href":"https:\/\/www.brazilianpress.com\/v1\/wp-json\/wp\/v2\/posts\/59119\/revisions"}],"predecessor-version":[{"id":59121,"href":"https:\/\/www.brazilianpress.com\/v1\/wp-json\/wp\/v2\/posts\/59119\/revisions\/59121"}],"wp:featuredmedia":[{"embeddable":true,"href":"https:\/\/www.brazilianpress.com\/v1\/wp-json\/wp\/v2\/media\/59120"}],"wp:attachment":[{"href":"https:\/\/www.brazilianpress.com\/v1\/wp-json\/wp\/v2\/media?parent=59119"}],"wp:term":[{"taxonomy":"category","embeddable":true,"href":"https:\/\/www.brazilianpress.com\/v1\/wp-json\/wp\/v2\/categories?post=59119"},{"taxonomy":"post_tag","embeddable":true,"href":"https:\/\/www.brazilianpress.com\/v1\/wp-json\/wp\/v2\/tags?post=59119"}],"curies":[{"name":"wp","href":"https:\/\/api.w.org\/{rel}","templated":true}]}}