{"id":59131,"date":"2024-11-06T14:41:08","date_gmt":"2024-11-06T18:41:08","guid":{"rendered":"https:\/\/www.brazilianpress.com\/v1\/?p=59131"},"modified":"2024-11-06T14:42:19","modified_gmt":"2024-11-06T18:42:19","slug":"essa-sera-a-era-de-ouro-da-america-afirma-o-presidente-eleito-dos-eua-donald-trump-em-discurso-da-vitoria","status":"publish","type":"post","link":"https:\/\/www.brazilianpress.com\/v1\/2024\/11\/06\/essa-sera-a-era-de-ouro-da-america-afirma-o-presidente-eleito-dos-eua-donald-trump-em-discurso-da-vitoria\/","title":{"rendered":"&#8220;Essa ser\u00e1 a era de ouro da Am\u00e9rica\u201d, afirma o presidente eleito dos EUA, Donald Trump, em discurso da vit\u00f3ria"},"content":{"rendered":"<p><strong>Donald Trump foi reeleito presidente dos Estados Unidos ap\u00f3s uma disputa acirrada contra Kamala Harris, candidata democrata e atual vice-presidente. A vit\u00f3ria republicana foi oficializada nesta quarta-feira (6), quando Trump garantiu os 270 delegados necess\u00e1rios no Col\u00e9gio Eleitoral ao vencer a Pensilv\u00e2nia, um dos estados p\u00eandulo decisivos. Trump, que j\u00e1 governou o pa\u00eds entre 2017 e 2021, discursou a apoiadores na Fl\u00f3rida com tom de celebra\u00e7\u00e3o e prometeu &#8220;uma era de ouro para a Am\u00e9rica&#8221;.<\/strong><\/p>\n<p>A conquista da Pensilv\u00e2nia nas primeiras horas da manh\u00e3 foi o empurr\u00e3o final que Trump precisava para consolidar sua vit\u00f3ria. No discurso que seguiu, o agora presidente eleito agradeceu aos americanos por sua elei\u00e7\u00e3o e fez um apelo pela &#8220;cura&#8221; do pa\u00eds. &#8220;Foi o maior movimento pol\u00edtico de todos os tempos&#8221;, declarou Trump. &#8220;Agora, vamos ajudar o pa\u00eds a se curar. A Am\u00e9rica precisa de ajuda&#8221;, acrescentou ele, em uma cr\u00edtica ao atual cen\u00e1rio social e econ\u00f4mico dos EUA.<\/p>\n<p><img src=\"https:\/\/i.imgur.com\/FWEzqVq.jpeg\" \/><\/p>\n<p>Trump reiterou promessas que marcaram sua campanha, entre elas o endurecimento das pol\u00edticas migrat\u00f3rias. Segundo ele, a seguran\u00e7a nacional ser\u00e1 prioridade absoluta. \u201cEu n\u00e3o vou descansar at\u00e9 devolver uma Am\u00e9rica segura e pr\u00f3spera que merecemos. Essa ser\u00e1 a era de ouro da Am\u00e9rica\u201d, afirmou. Al\u00e9m disso, agradeceu a lealdade de seu vice, J.D. Vance, e destacou o apoio do bilion\u00e1rio Elon Musk, a quem chamou de \u201cg\u00eanio\u201d.<\/p>\n<p><img src=\"https:\/\/i.imgur.com\/Fl3b6oh.jpeg\" \/><\/p>\n<p>O presidente eleito tamb\u00e9m mencionou os desafios e ataques enfrentados ao longo da campanha e afirmou que Deus lhe deu uma segunda chance para &#8220;salvar o pa\u00eds&#8221;. Em meio a aplausos, Trump concluiu seu discurso com um apelo \u00e0 uni\u00e3o nacional: &#8220;Agora, todos juntos, vamos restaurar a grandeza da Am\u00e9rica&#8221;.<\/p>\n","protected":false},"excerpt":{"rendered":"<p>Donald Trump foi reeleito presidente dos Estados Unidos ap\u00f3s uma disputa acirrada contra Kamala Harris, candidata democrata e atual vice-presidente. A vit\u00f3ria republicana foi oficializada nesta quarta-feira (6), quando Trump garantiu os 270 delegados necess\u00e1rios no Col\u00e9gio Eleitoral ao vencer a Pensilv\u00e2nia, um dos estados p\u00eandulo decisivos. Trump, que j\u00e1 governou o pa\u00eds entre 2017 e 2021, discursou a apoiadores na Fl\u00f3rida com tom de celebra\u00e7\u00e3o e prometeu &#8220;uma era de ouro para a Am\u00e9rica&#8221;. A conquista da Pensilv\u00e2nia nas primeiras horas da manh\u00e3 foi o empurr\u00e3o final que Trump precisava para consolidar sua vit\u00f3ria. No discurso que seguiu, o [&hellip;]<\/p>\n","protected":false},"author":1,"featured_media":59132,"comment_status":"open","ping_status":"closed","sticky":false,"template":"","format":"standard","meta":{"_links_to":"","_links_to_target":""},"categories":[3,1,10],"tags":[],"views":750,"_links":{"self":[{"href":"https:\/\/www.brazilianpress.com\/v1\/wp-json\/wp\/v2\/posts\/59131"}],"collection":[{"href":"https:\/\/www.brazilianpress.com\/v1\/wp-json\/wp\/v2\/posts"}],"about":[{"href":"https:\/\/www.brazilianpress.com\/v1\/wp-json\/wp\/v2\/types\/post"}],"author":[{"embeddable":true,"href":"https:\/\/www.brazilianpress.com\/v1\/wp-json\/wp\/v2\/users\/1"}],"replies":[{"embeddable":true,"href":"https:\/\/www.brazilianpress.com\/v1\/wp-json\/wp\/v2\/comments?post=59131"}],"version-history":[{"count":1,"href":"https:\/\/www.brazilianpress.com\/v1\/wp-json\/wp\/v2\/posts\/59131\/revisions"}],"predecessor-version":[{"id":59133,"href":"https:\/\/www.brazilianpress.com\/v1\/wp-json\/wp\/v2\/posts\/59131\/revisions\/59133"}],"wp:featuredmedia":[{"embeddable":true,"href":"https:\/\/www.brazilianpress.com\/v1\/wp-json\/wp\/v2\/media\/59132"}],"wp:attachment":[{"href":"https:\/\/www.brazilianpress.com\/v1\/wp-json\/wp\/v2\/media?parent=59131"}],"wp:term":[{"taxonomy":"category","embeddable":true,"href":"https:\/\/www.brazilianpress.com\/v1\/wp-json\/wp\/v2\/categories?post=59131"},{"taxonomy":"post_tag","embeddable":true,"href":"https:\/\/www.brazilianpress.com\/v1\/wp-json\/wp\/v2\/tags?post=59131"}],"curies":[{"name":"wp","href":"https:\/\/api.w.org\/{rel}","templated":true}]}}