{"id":59134,"date":"2024-11-06T14:42:38","date_gmt":"2024-11-06T18:42:38","guid":{"rendered":"https:\/\/www.brazilianpress.com\/v1\/?p=59134"},"modified":"2024-11-06T14:42:27","modified_gmt":"2024-11-06T18:42:27","slug":"tragedia-acidente-de-transito-mata-dois-brasileiros-de-mg-em-massachusetts-mulher-americana-foi-presa","status":"publish","type":"post","link":"https:\/\/www.brazilianpress.com\/v1\/2024\/11\/06\/tragedia-acidente-de-transito-mata-dois-brasileiros-de-mg-em-massachusetts-mulher-americana-foi-presa\/","title":{"rendered":"Trag\u00e9dia: Acidente de tr\u00e2nsito mata dois brasileiros de MG, em Massachusetts. Mulher americana foi presa"},"content":{"rendered":"<p><strong>Dois mineiros das cidades de Caratinga e Uberaba morreram em um acidente no \u00faltimo s\u00e1bado (2) na Rota 495, na altura de Methuen, em Massachusetts. Segundo informa\u00e7\u00f5es de uma testemunha, a caminhonete que transportava quatro mineiros, dois de Caratinga, um de Governador Valadares e um de Uberaba, foi atingida na traseira por um carro dirigido por uma americana, de 26 anos. A<\/strong><\/p>\n<p>p\u00f3s a colis\u00e3o, o ve\u00edculo capotou e bateu em uma \u00e1rvore. Celso Glayson Dias, de 37 anos, era de Dom Modesto, distrito de Caratinga. Ele foi socorrido e levado para o Hospital Lawrence General, onde n\u00e3o resistiu aos ferimentos. O mineiro estava no banco do passageiro na frente. J\u00e1 no banco traseiro, atr\u00e1s de Celso, estava Kenny Roberto Milanez, de 41 anos, que morreu na hora. Os quatro seguiam para o trabalho em New Hampshire.<\/p>\n<p>Os dois sobreviventes s\u00e3o Tiago Silv\u00e9rio, de Governador Valadares, e Bruno Viana, de Caratinga. Bruno foi socorrido em estado mais cr\u00edtico, segue internado no hospital, mas n\u00e3o corre risco de morrer, segundo uma testemunha. Tiago tamb\u00e9m foi levado para o hospital, mas j\u00e1 recebeu alta.<\/p>\n<p><strong>Americana presa<\/strong><\/p>\n<p>Na tarde de s\u00e1bado, a americana que dirigia a 160 quil\u00f4metros por hora quando o carro atingiu os brasileiros, se apresentou para a pol\u00edcia. O caso foi acompanhado pela imprensa local, que informou que a mulher n\u00e3o se lembrava do que aconteceu e alegou inoc\u00eancia. Uma testemunha que presenciou os fatos acionou a pol\u00edcia enquanto seguia a mulher.<\/p>\n<p><img src=\"https:\/\/diariodemanhuacu.com.br\/wp-content\/uploads\/2024\/11\/WhatsApp-Image-2024-11-04-at-14.48.44.jpeg\" alt=\"Fam\u00edlia pede ajuda para trazer corpo do EUA para Caratinga - Di\u00e1rio de  Manhua\u00e7u\" \/><\/p>\n<p>Ainda conforme o que foi divulgado, ela esteve, desde sexta, em um bar e em uma festa de halloween, onde ingeriu bebida alco\u00f3lica. A condutora voltava da festa quando o acidente aconteceu. Quando ela se apresentou, ainda estava sob efeito de \u00e1lcool. A motorista estava com a carteira de habilita\u00e7\u00e3o suspensa.<\/p>\n<p><img src=\"https:\/\/cloudfront-us-east-1.images.arcpublishing.com\/bostonglobe\/PUTSRUW45YC7P22EYIX7J3ONQ4.JPG\" alt=\"Woman held on $200K bail in hit and run crash that killed two men in Methuen\" \/><\/p>\n<p>O juiz estipulou uma fian\u00e7a de US$ 200 mil d\u00f3lares, sendo que, ao pagar o valor, ela teria que usar tornozeleira eletr\u00f4nica. Al\u00e9m disso, ficaria em pris\u00e3o domiciliar, proibida de ingerir bebida alco\u00f3lica e dirigir. Ela, que trabalhava como motorista de aplicativo, continua presa e n\u00e3o pagou a fian\u00e7a. Para a imprensa local, a pol\u00edcia informou que a mulher ser\u00e1 indiciada por tr\u00eas crimes: duplo homic\u00eddio por irresponsabilidade, deixar a cena do acidente e dirigir com a carteira suspensa.<\/p>\n<p><strong>Nota de pesar da igreja<\/strong><\/p>\n<p>Celso e Kenny frenquentavam a 1\u00aa Igreja Batista de Worcester. A instui\u00e7\u00e3o divulgou uma nota de pesar lamentando a morte dos mineiros. Celso era casado e estava nos Estados Unidos h\u00e1 cinco anos. Ele deixa os pais, quatro irm\u00e3os, e dois filhos, de 11 anos e 19 anos, que moram em Caratinga.<\/p>\n<p><img src=\"https:\/\/s2-g1.glbimg.com\/Myx7bS6SMZm-tQ9rbdDF07tF0eA=\/0x0:1080x1080\/984x0\/smart\/filters:strip_icc()\/i.s3.glbimg.com\/v1\/AUTH_59edd422c0c84a879bd37670ae4f538a\/internal_photos\/bs\/2024\/Y\/a\/Bzrs6URMytPT1VSjLgOQ\/whatsapp-image-2024-11-05-at-10.09.44.jpeg\" alt=\"Nota de pesar divulgada pela igreja \u2014 Foto: Redes sociais\" \/><\/p>\n<p>Kenny tamb\u00e9m era casado, tinha dois filhos nos EUA, de 3 e 7, e outros dois filhos no Brasil. Uma campanha est\u00e1 sendo mobilizada por amigos com o objetivo de arrecadar dinheiro para trazer os corpos de volta ao Brasil. At\u00e9 a publica\u00e7\u00e3o desta reportagem foram arrecadados mais de US$ 21 mil d\u00f3lares, 43% do valor solicitado.<\/p>\n<p><strong>O que disse o Itamaraty<\/strong><\/p>\n<p>Em nota enviada ao g1, o Minist\u00e9rio das Rela\u00e7\u00f5es Exteriores, por meio do Consulado-Geral do Brasil em Boston, informou que permanece \u00e0 disposi\u00e7\u00e3o dos familiares para prestar a assist\u00eancia consular cab\u00edvel. Informou ainda que em caso de falecimento de cidad\u00e3o brasileiro no exterior, as Embaixadas e Consulados brasileiros podem prestar orienta\u00e7\u00f5es gerais aos familiares, apoiar seus contatos com o governo local e cuidar da expedi\u00e7\u00e3o de documentos, como o atestado consular de \u00f3bito, t\u00e3o logo terminem os tr\u00e2mites obrigat\u00f3rios realizados pelas autoridades locais. Segue a nota dizendo que o traslado dos restos mortais de brasileiros falecidos no exterior \u00e9 decis\u00e3o da fam\u00edlia e n\u00e3o pode ser custeado com recursos p\u00fablicos, \u00e0 luz do \u00a7 1\u00ba do artigo 257 do decreto 9.199\/2017.<\/p>\n","protected":false},"excerpt":{"rendered":"<p>Dois mineiros das cidades de Caratinga e Uberaba morreram em um acidente no \u00faltimo s\u00e1bado (2) na Rota 495, na altura de Methuen, em Massachusetts. Segundo informa\u00e7\u00f5es de uma testemunha, a caminhonete que transportava quatro mineiros, dois de Caratinga, um de Governador Valadares e um de Uberaba, foi atingida na traseira por um carro dirigido por uma americana, de 26 anos. A p\u00f3s a colis\u00e3o, o ve\u00edculo capotou e bateu em uma \u00e1rvore. Celso Glayson Dias, de 37 anos, era de Dom Modesto, distrito de Caratinga. Ele foi socorrido e levado para o Hospital Lawrence General, onde n\u00e3o resistiu aos [&hellip;]<\/p>\n","protected":false},"author":1,"featured_media":59135,"comment_status":"open","ping_status":"closed","sticky":false,"template":"","format":"standard","meta":{"_links_to":"","_links_to_target":""},"categories":[4,3,1],"tags":[],"views":1325,"_links":{"self":[{"href":"https:\/\/www.brazilianpress.com\/v1\/wp-json\/wp\/v2\/posts\/59134"}],"collection":[{"href":"https:\/\/www.brazilianpress.com\/v1\/wp-json\/wp\/v2\/posts"}],"about":[{"href":"https:\/\/www.brazilianpress.com\/v1\/wp-json\/wp\/v2\/types\/post"}],"author":[{"embeddable":true,"href":"https:\/\/www.brazilianpress.com\/v1\/wp-json\/wp\/v2\/users\/1"}],"replies":[{"embeddable":true,"href":"https:\/\/www.brazilianpress.com\/v1\/wp-json\/wp\/v2\/comments?post=59134"}],"version-history":[{"count":1,"href":"https:\/\/www.brazilianpress.com\/v1\/wp-json\/wp\/v2\/posts\/59134\/revisions"}],"predecessor-version":[{"id":59136,"href":"https:\/\/www.brazilianpress.com\/v1\/wp-json\/wp\/v2\/posts\/59134\/revisions\/59136"}],"wp:featuredmedia":[{"embeddable":true,"href":"https:\/\/www.brazilianpress.com\/v1\/wp-json\/wp\/v2\/media\/59135"}],"wp:attachment":[{"href":"https:\/\/www.brazilianpress.com\/v1\/wp-json\/wp\/v2\/media?parent=59134"}],"wp:term":[{"taxonomy":"category","embeddable":true,"href":"https:\/\/www.brazilianpress.com\/v1\/wp-json\/wp\/v2\/categories?post=59134"},{"taxonomy":"post_tag","embeddable":true,"href":"https:\/\/www.brazilianpress.com\/v1\/wp-json\/wp\/v2\/tags?post=59134"}],"curies":[{"name":"wp","href":"https:\/\/api.w.org\/{rel}","templated":true}]}}