{"id":59146,"date":"2024-11-06T13:04:28","date_gmt":"2024-11-06T17:04:28","guid":{"rendered":"https:\/\/www.brazilianpress.com\/v1\/?p=59146"},"modified":"2024-11-06T13:04:28","modified_gmt":"2024-11-06T17:04:28","slug":"social-press-06-11-2024","status":"publish","type":"post","link":"https:\/\/www.brazilianpress.com\/v1\/2024\/11\/06\/social-press-06-11-2024\/","title":{"rendered":"Social Press . 06\/11\/2024"},"content":{"rendered":"<p><strong><em><img loading=\"lazy\" class=\"alignnone size-full wp-image-59140\" src=\"https:\/\/www.brazilianpress.com\/v1\/wp-content\/uploads\/2024\/11\/Foto-1-A-aniversariante-lunalva.jpg\" alt=\"\" width=\"700\" height=\"711\" srcset=\"https:\/\/www.brazilianpress.com\/v1\/wp-content\/uploads\/2024\/11\/Foto-1-A-aniversariante-lunalva.jpg 700w, https:\/\/www.brazilianpress.com\/v1\/wp-content\/uploads\/2024\/11\/Foto-1-A-aniversariante-lunalva-295x300.jpg 295w\" sizes=\"(max-width: 700px) 100vw, 700px\" \/><br \/>\nA aniversariante Lunalva ao lado do esposo Toninho e Netinhos, Happy birthday e muitas felicidades!<\/em><\/strong><\/p>\n<p><strong><em><img loading=\"lazy\" class=\"alignnone size-full wp-image-59141\" src=\"https:\/\/www.brazilianpress.com\/v1\/wp-content\/uploads\/2024\/11\/Foto-2-a-galera-animada-do-Brasilia.jpg\" alt=\"\" width=\"700\" height=\"499\" srcset=\"https:\/\/www.brazilianpress.com\/v1\/wp-content\/uploads\/2024\/11\/Foto-2-a-galera-animada-do-Brasilia.jpg 700w, https:\/\/www.brazilianpress.com\/v1\/wp-content\/uploads\/2024\/11\/Foto-2-a-galera-animada-do-Brasilia-300x214.jpg 300w\" sizes=\"(max-width: 700px) 100vw, 700px\" \/><br \/>\nA galera animada do Brasilia Grill nas comemora\u00e7\u00f5es do Halloween com fantasias bem criativas, valeu!<\/em><\/strong><\/p>\n<p><strong><em><img loading=\"lazy\" class=\"alignnone size-full wp-image-59142\" src=\"https:\/\/www.brazilianpress.com\/v1\/wp-content\/uploads\/2024\/11\/Foto-3-O-aniversariante-Julio-Farias.jpg\" alt=\"\" width=\"700\" height=\"842\" srcset=\"https:\/\/www.brazilianpress.com\/v1\/wp-content\/uploads\/2024\/11\/Foto-3-O-aniversariante-Julio-Farias.jpg 700w, https:\/\/www.brazilianpress.com\/v1\/wp-content\/uploads\/2024\/11\/Foto-3-O-aniversariante-Julio-Farias-249x300.jpg 249w\" sizes=\"(max-width: 700px) 100vw, 700px\" \/><br \/>\nO aniversariante Julio Farias em pose de gal\u00e3. Parab\u00e9ns julh\u00e3o e muitas felicidades!<\/em><\/strong><\/p>\n<p><strong><em><img loading=\"lazy\" class=\"alignnone size-full wp-image-59143\" src=\"https:\/\/www.brazilianpress.com\/v1\/wp-content\/uploads\/2024\/11\/Foto-4-A-equipe-casa-Nova.jpg\" alt=\"\" width=\"700\" height=\"525\" srcset=\"https:\/\/www.brazilianpress.com\/v1\/wp-content\/uploads\/2024\/11\/Foto-4-A-equipe-casa-Nova.jpg 700w, https:\/\/www.brazilianpress.com\/v1\/wp-content\/uploads\/2024\/11\/Foto-4-A-equipe-casa-Nova-300x225.jpg 300w, https:\/\/www.brazilianpress.com\/v1\/wp-content\/uploads\/2024\/11\/Foto-4-A-equipe-casa-Nova-180x135.jpg 180w, https:\/\/www.brazilianpress.com\/v1\/wp-content\/uploads\/2024\/11\/Foto-4-A-equipe-casa-Nova-400x300.jpg 400w, https:\/\/www.brazilianpress.com\/v1\/wp-content\/uploads\/2024\/11\/Foto-4-A-equipe-casa-Nova-600x450.jpg 600w\" sizes=\"(max-width: 700px) 100vw, 700px\" \/><br \/>\nA equipe do Casa Nova, todo ano comemora com muita anima\u00e7\u00e3o o famoso Halloween, mas este policial sei n\u00e3o, kkkkkk.<\/em><\/strong><\/p>\n<p><strong><em><img loading=\"lazy\" class=\"alignnone size-full wp-image-59144\" src=\"https:\/\/www.brazilianpress.com\/v1\/wp-content\/uploads\/2024\/11\/Foto-5-Dezinho-o-famoso-cabecao.jpg\" alt=\"\" width=\"700\" height=\"353\" srcset=\"https:\/\/www.brazilianpress.com\/v1\/wp-content\/uploads\/2024\/11\/Foto-5-Dezinho-o-famoso-cabecao.jpg 700w, https:\/\/www.brazilianpress.com\/v1\/wp-content\/uploads\/2024\/11\/Foto-5-Dezinho-o-famoso-cabecao-300x151.jpg 300w\" sizes=\"(max-width: 700px) 100vw, 700px\" \/><br \/>\nDezinho, o famoso cabe\u00e7\u00e3o, Levi, Stephany e Natalia naquele atentimento especial no Boi na Brasa, ali no 70 Adamas Street, fica ai o nosso abra\u00e7o.<\/em><\/strong><\/p>\n<p><strong><em><img loading=\"lazy\" class=\"alignnone size-full wp-image-59145\" src=\"https:\/\/www.brazilianpress.com\/v1\/wp-content\/uploads\/2024\/11\/Foto-6-quem-tambem-comemora-mais-um-ano.jpg\" alt=\"\" width=\"700\" height=\"700\" srcset=\"https:\/\/www.brazilianpress.com\/v1\/wp-content\/uploads\/2024\/11\/Foto-6-quem-tambem-comemora-mais-um-ano.jpg 700w, https:\/\/www.brazilianpress.com\/v1\/wp-content\/uploads\/2024\/11\/Foto-6-quem-tambem-comemora-mais-um-ano-300x300.jpg 300w, https:\/\/www.brazilianpress.com\/v1\/wp-content\/uploads\/2024\/11\/Foto-6-quem-tambem-comemora-mais-um-ano-150x150.jpg 150w, https:\/\/www.brazilianpress.com\/v1\/wp-content\/uploads\/2024\/11\/Foto-6-quem-tambem-comemora-mais-um-ano-180x180.jpg 180w, https:\/\/www.brazilianpress.com\/v1\/wp-content\/uploads\/2024\/11\/Foto-6-quem-tambem-comemora-mais-um-ano-400x400.jpg 400w, https:\/\/www.brazilianpress.com\/v1\/wp-content\/uploads\/2024\/11\/Foto-6-quem-tambem-comemora-mais-um-ano-600x600.jpg 600w\" sizes=\"(max-width: 700px) 100vw, 700px\" \/><br \/>\nQuem tamb\u00e9m comemora mais um ano de vida \u00e9 nossa amiga\u00a0 Fabiane farias, happy birthday!<\/em><\/strong><\/p>\n<p><strong><em><img loading=\"lazy\" class=\"alignnone size-full wp-image-59138\" src=\"https:\/\/www.brazilianpress.com\/v1\/wp-content\/uploads\/2024\/11\/Foto-7-Um-grande-abraco-e-votos-de-muitas.jpg\" alt=\"\" width=\"700\" height=\"701\" srcset=\"https:\/\/www.brazilianpress.com\/v1\/wp-content\/uploads\/2024\/11\/Foto-7-Um-grande-abraco-e-votos-de-muitas.jpg 700w, https:\/\/www.brazilianpress.com\/v1\/wp-content\/uploads\/2024\/11\/Foto-7-Um-grande-abraco-e-votos-de-muitas-300x300.jpg 300w, https:\/\/www.brazilianpress.com\/v1\/wp-content\/uploads\/2024\/11\/Foto-7-Um-grande-abraco-e-votos-de-muitas-150x150.jpg 150w, https:\/\/www.brazilianpress.com\/v1\/wp-content\/uploads\/2024\/11\/Foto-7-Um-grande-abraco-e-votos-de-muitas-180x180.jpg 180w, https:\/\/www.brazilianpress.com\/v1\/wp-content\/uploads\/2024\/11\/Foto-7-Um-grande-abraco-e-votos-de-muitas-400x400.jpg 400w, https:\/\/www.brazilianpress.com\/v1\/wp-content\/uploads\/2024\/11\/Foto-7-Um-grande-abraco-e-votos-de-muitas-600x600.jpg 600w\" sizes=\"(max-width: 700px) 100vw, 700px\" \/><br \/>\nUm grande abra\u00e7o e votos de muitas felicidades \u00e0 aniversariante tamb\u00e9m de novembro Daniela Coelho. Parab\u00e9ns!<\/em><\/strong><\/p>\n","protected":false},"excerpt":{"rendered":"<p>A aniversariante Lunalva ao lado do esposo Toninho e Netinhos, Happy birthday e muitas felicidades! A galera animada do Brasilia Grill nas comemora\u00e7\u00f5es do Halloween com fantasias bem criativas, valeu! O aniversariante Julio Farias em pose de gal\u00e3. Parab\u00e9ns julh\u00e3o e muitas felicidades! A equipe do Casa Nova, todo ano comemora com muita anima\u00e7\u00e3o o famoso Halloween, mas este policial sei n\u00e3o, kkkkkk. Dezinho, o famoso cabe\u00e7\u00e3o, Levi, Stephany e Natalia naquele atentimento especial no Boi na Brasa, ali no 70 Adamas Street, fica ai o nosso abra\u00e7o. Quem tamb\u00e9m comemora mais um ano de vida \u00e9 nossa amiga\u00a0 Fabiane [&hellip;]<\/p>\n","protected":false},"author":1,"featured_media":59139,"comment_status":"open","ping_status":"closed","sticky":false,"template":"","format":"standard","meta":{"_links_to":"","_links_to_target":""},"categories":[3,1,6],"tags":[],"views":1113,"_links":{"self":[{"href":"https:\/\/www.brazilianpress.com\/v1\/wp-json\/wp\/v2\/posts\/59146"}],"collection":[{"href":"https:\/\/www.brazilianpress.com\/v1\/wp-json\/wp\/v2\/posts"}],"about":[{"href":"https:\/\/www.brazilianpress.com\/v1\/wp-json\/wp\/v2\/types\/post"}],"author":[{"embeddable":true,"href":"https:\/\/www.brazilianpress.com\/v1\/wp-json\/wp\/v2\/users\/1"}],"replies":[{"embeddable":true,"href":"https:\/\/www.brazilianpress.com\/v1\/wp-json\/wp\/v2\/comments?post=59146"}],"version-history":[{"count":1,"href":"https:\/\/www.brazilianpress.com\/v1\/wp-json\/wp\/v2\/posts\/59146\/revisions"}],"predecessor-version":[{"id":59147,"href":"https:\/\/www.brazilianpress.com\/v1\/wp-json\/wp\/v2\/posts\/59146\/revisions\/59147"}],"wp:featuredmedia":[{"embeddable":true,"href":"https:\/\/www.brazilianpress.com\/v1\/wp-json\/wp\/v2\/media\/59139"}],"wp:attachment":[{"href":"https:\/\/www.brazilianpress.com\/v1\/wp-json\/wp\/v2\/media?parent=59146"}],"wp:term":[{"taxonomy":"category","embeddable":true,"href":"https:\/\/www.brazilianpress.com\/v1\/wp-json\/wp\/v2\/categories?post=59146"},{"taxonomy":"post_tag","embeddable":true,"href":"https:\/\/www.brazilianpress.com\/v1\/wp-json\/wp\/v2\/tags?post=59146"}],"curies":[{"name":"wp","href":"https:\/\/api.w.org\/{rel}","templated":true}]}}