{"id":59161,"date":"2024-11-06T14:09:26","date_gmt":"2024-11-06T18:09:26","guid":{"rendered":"https:\/\/www.brazilianpress.com\/v1\/?p=59161"},"modified":"2024-11-06T14:09:26","modified_gmt":"2024-11-06T18:09:26","slug":"comunidade-desde-o-dia-1-de-novembro-beneficiarios-do-daca-podem-se-inscrever-no-obamacare","status":"publish","type":"post","link":"https:\/\/www.brazilianpress.com\/v1\/2024\/11\/06\/comunidade-desde-o-dia-1-de-novembro-beneficiarios-do-daca-podem-se-inscrever-no-obamacare\/","title":{"rendered":"Comunidade: Desde o dia 1 de novembro, benefici\u00e1rios do DACA podem se inscrever no Obamacare"},"content":{"rendered":"<p><strong>A partir de sexta-feira, 1\u00ba de novembro, dezenas de milhares de benefici\u00e1rios do DACA poder\u00e3o se inscrever pela primeira vez na cobertura de seguro sa\u00fade sob o Affordable Care Act (ACA). A mudan\u00e7a, que coincidiu com o primeiro dia do per\u00edodo de inscri\u00e7\u00f5es abertas da ACA, marca um momento crucial para os mais de\u00a0535 mil benefici\u00e1rios do DACA nos EUA.<\/strong><\/p>\n<p>Essa falta de acesso, dizem os especialistas, levou a altas taxas de n\u00e3o segurados entre os benefici\u00e1rios do DACA, \u00e0s vezes chamados de \u201cDreamers\u201d.<\/p>\n<p>Em maio, a administra\u00e7\u00e3o Biden finalizou uma regra\u00a0que permite aos benefici\u00e1rios do DACA solicitar cobertura atrav\u00e9s do HealthCare.gov, bem como dos mercados estaduais, a partir de 1\u00ba de novembro. Tamb\u00e9m lhes permite aceder a subs\u00eddios que reduzem o custo dos pagamentos mensais.<\/p>\n<p>A DACA foi uma a\u00e7\u00e3o executiva assinada pelo ent\u00e3o presidente Barack Obama em junho de 2012 que protegeu da deporta\u00e7\u00e3o os imigrantes indocumentados que vieram para os Estados Unidos quando crian\u00e7as e concedeu-lhes autoriza\u00e7\u00e3o para trabalhar.<\/p>\n<p>Para muitos, a capacidade de trabalhar tamb\u00e9m significava acesso ao seguro de sa\u00fade.<\/p>\n<p>Sem acesso a programas financiados pelo governo, as op\u00e7\u00f5es de seguro s\u00e3o extremamente limitadas para os Dreamers que n\u00e3o obtiveram cobertura atrav\u00e9s dos seus empregos, disse Drishti Pillai, diretor de pol\u00edtica de sa\u00fade para imigrantes da KFF, um grupo sem fins lucrativos que investiga quest\u00f5es de pol\u00edtica de sa\u00fade.<\/p>\n<p>Alguns recorrem a programas estatais para imigrantes indocumentados, disse ele. Outros podem n\u00e3o ter seguro e depender de cl\u00ednicas de sa\u00fade comunit\u00e1rias que oferecem cuidados gratuitos ou de baixo custo.<\/p>\n<p>Embora as pessoas possam adquirir cobertura diretamente atrav\u00e9s de uma seguradora, o custo \u00e9 muitas vezes exorbitante e normalmente n\u00e3o \u00e9 uma op\u00e7\u00e3o para imigrantes indocumentados, disse Pillai.<\/p>\n<p>As op\u00e7\u00f5es limitadas, disse ele, significam que muitos benefici\u00e1rios do DACA n\u00e3o conseguem obter um seguro de sa\u00fade de qualidade, resultando em elevadas taxas de n\u00e3o segurados.<\/p>\n<p>Espera-se que a mudan\u00e7a ajude mais de 100.000 pessoas a obter seguro sa\u00fade,\u00a0conforme informa\u00e7\u00e3o da Casa Branca.<\/p>\n<p>No entanto, os benefici\u00e1rios do DACA ainda n\u00e3o poder\u00e3o obter cobertura atrav\u00e9s do Medicaid ou do Programa de Seguro de Sa\u00fade Infantil, que oferece seguro gratuito ou de baixo custo para crian\u00e7as e adolescentes, disse Pillai.<\/p>\n<p>Em agosto, o Kansas e outros 18\u00a0estados\u00a0entraram com uma a\u00e7\u00e3o para impedir a entrada em vigor da regra da ACA. A a\u00e7\u00e3o foi movida no tribunal distrital federal de Dakota do Norte e atribu\u00edda a um juiz nomeado pelo ex-presidente Donald Trump.<\/p>\n<p>O processo afirma que a expans\u00e3o da cobertura aos benefici\u00e1rios do DACA criar\u00e1 \u201cfardos de recursos\u201d adicionais e prejudicar\u00e1 os contribuintes. Ele tamb\u00e9m diz que ir\u00e1 encorajar os imigrantes indocumentados a permanecerem nos EUA na esperan\u00e7a de receberem seguro de sa\u00fade atrav\u00e9s da ACA.<\/p>\n<p>Arthur Caplan, chefe da Divis\u00e3o de \u00c9tica M\u00e9dica do Langone Medical Center da Universidade de New York, descreveu o processo como \u201capenas mais pol\u00edtica anti-imigra\u00e7\u00e3o\u201d.<\/p>\n<p>Num comunicado, o procurador-geral do Kansas, Kris Kobach, que lidera o esfor\u00e7o legal, disse: \u201cO esfor\u00e7o da administra\u00e7\u00e3o Biden para conceder benef\u00edcios Obamacare a imigrantes ilegais \u00e0s custas dos contribuintes viola claramente duas leis diferentes. \u201c\u00c9 por isso que o Kansas foi a tribunal e \u00e9 por isso que esperamos prevalecer\u201d.<\/p>\n","protected":false},"excerpt":{"rendered":"<p>A partir de sexta-feira, 1\u00ba de novembro, dezenas de milhares de benefici\u00e1rios do DACA poder\u00e3o se inscrever pela primeira vez na cobertura de seguro sa\u00fade sob o Affordable Care Act (ACA). A mudan\u00e7a, que coincidiu com o primeiro dia do per\u00edodo de inscri\u00e7\u00f5es abertas da ACA, marca um momento crucial para os mais de\u00a0535 mil benefici\u00e1rios do DACA nos EUA. Essa falta de acesso, dizem os especialistas, levou a altas taxas de n\u00e3o segurados entre os benefici\u00e1rios do DACA, \u00e0s vezes chamados de \u201cDreamers\u201d. Em maio, a administra\u00e7\u00e3o Biden finalizou uma regra\u00a0que permite aos benefici\u00e1rios do DACA solicitar cobertura atrav\u00e9s [&hellip;]<\/p>\n","protected":false},"author":1,"featured_media":48937,"comment_status":"open","ping_status":"closed","sticky":false,"template":"","format":"standard","meta":{"_links_to":"","_links_to_target":""},"categories":[4,3,1],"tags":[],"views":602,"_links":{"self":[{"href":"https:\/\/www.brazilianpress.com\/v1\/wp-json\/wp\/v2\/posts\/59161"}],"collection":[{"href":"https:\/\/www.brazilianpress.com\/v1\/wp-json\/wp\/v2\/posts"}],"about":[{"href":"https:\/\/www.brazilianpress.com\/v1\/wp-json\/wp\/v2\/types\/post"}],"author":[{"embeddable":true,"href":"https:\/\/www.brazilianpress.com\/v1\/wp-json\/wp\/v2\/users\/1"}],"replies":[{"embeddable":true,"href":"https:\/\/www.brazilianpress.com\/v1\/wp-json\/wp\/v2\/comments?post=59161"}],"version-history":[{"count":1,"href":"https:\/\/www.brazilianpress.com\/v1\/wp-json\/wp\/v2\/posts\/59161\/revisions"}],"predecessor-version":[{"id":59162,"href":"https:\/\/www.brazilianpress.com\/v1\/wp-json\/wp\/v2\/posts\/59161\/revisions\/59162"}],"wp:featuredmedia":[{"embeddable":true,"href":"https:\/\/www.brazilianpress.com\/v1\/wp-json\/wp\/v2\/media\/48937"}],"wp:attachment":[{"href":"https:\/\/www.brazilianpress.com\/v1\/wp-json\/wp\/v2\/media?parent=59161"}],"wp:term":[{"taxonomy":"category","embeddable":true,"href":"https:\/\/www.brazilianpress.com\/v1\/wp-json\/wp\/v2\/categories?post=59161"},{"taxonomy":"post_tag","embeddable":true,"href":"https:\/\/www.brazilianpress.com\/v1\/wp-json\/wp\/v2\/tags?post=59161"}],"curies":[{"name":"wp","href":"https:\/\/api.w.org\/{rel}","templated":true}]}}